{"id":99973,"date":"2021-11-11T15:59:49","date_gmt":"2021-11-11T18:59:49","guid":{"rendered":"http:\/\/vinasfm.com\/noticias\/?p=99973"},"modified":"2021-11-12T09:12:15","modified_gmt":"2021-11-12T12:12:15","slug":"elecciones-2021-asi-quedaron-conformadas-las-listas-de-candidatos-a-concejal-para-general-alvear","status":"publish","type":"post","link":"https:\/\/vinasfm.com\/noticias\/elecciones-2021-asi-quedaron-conformadas-las-listas-de-candidatos-a-concejal-para-general-alvear\/","title":{"rendered":"ELECCIONES: AS\u00cd QUEDARON CONFORMADAS LAS LISTAS DE CANDIDATOS A CONCEJAL PARA GENERAL ALVEAR"},"content":{"rendered":"<h4><span style=\"color: #000000;\"><strong>El 14 de noviembre concluye el proceso electoral de este 2021 con las elecciones generales para cargos legislativos. En General Alvear hubo ocho propuestas electorales en las elecciones PASO pero no todas recibieron la cantidad de votos necesarios para seguir en carrera, otra pas\u00f3 el cedazo pero eligieron bajarse y hay cinco listas que van a batallar por el apoyo popular.<\/strong><\/span><\/h4>\n<p><span style=\"color: #000000;\">En la categor\u00eda de concejales,\u00a0<b>hubo dos listas que quedaron por debajo del piso<\/b>\u00a0m\u00ednimo del 3% que exige la legislaci\u00f3n: el <strong>Partido de los Jubilados<\/strong> y el <strong>Frente de Izquierda<\/strong>.<\/span><\/p>\n<p><span style=\"color: #000000;\"><b>Compromiso Federal\u00a0<\/b>particip\u00f3 en la PASO y hasta tuvo internas, sin embargo a pesar de rasgu\u00f1ar el 4% de los sufragios, los integrantes de lista\u00a0<b>tomaron la decisi\u00f3n de parar la pelota y no presentarse a las generales\u00a0<\/b>del 14 de noviembre.<\/span><\/p>\n<p><span style=\"color: #000000;\">Con este panorama, los 38.018 votantes habilitados para sufragar en Alvear\u00a0<b>podr\u00e1n elegir\u00a0<\/b>a sus representantes en el\u00a0<b>Concejo Deliberante entre cinco listas.<\/b><\/span><\/p>\n<p><span style=\"color: #000000;\">El gran ganador en las PASO fue el\u00a0<b>Frente Cambia Mendoza<\/b>\u00a0que consigui\u00f3 el 48.28% de los votos, detr\u00e1s qued\u00f3 el\u00a0<b>Frente de Todos<\/b>\u00a0con el 21.17%, el<b>\u00a0Partido Federal<\/b>\u00a010.02%,\u00a0<b>Vamos Mendocinos<\/b>\u00a06.44% y el\u00a0<b>Partido Verde<\/b>\u00a05.99%.<\/span><\/p>\n<h4 style=\"text-align: center;\"><span style=\"color: #000000;\"><b>LOS QUE SIGUEN Y LOS QUE SE VAN<\/b><\/span><\/h4>\n<p><span style=\"color: #000000;\">El\u00a0<b>Concejo Deliberante de Alvear<\/b> est\u00e1 integrado por tres bloques: <strong>UCR Cambia Mendoza<\/strong>, el <strong>PRO<\/strong> y el <strong>Frente de Todos<\/strong> y de las 10 bancas que posee, en esta elecci\u00f3n se renueva la mitad.<\/span><\/p>\n<p><span style=\"color: #000000;\">Por el\u00a0<b>radicalismo terminan su mandato en abril de 2022\u00a0<\/b>Pablo Longo y Alejandra Torti mientras que seguir\u00e1n hasta finales de 2023 Jos\u00e9 Mor\u00e1n, Mabel Uccelli y Patricia Salice.<\/span><\/p>\n<p><span style=\"color: #000000;\"><b>Por el PRO\u00a0<\/b>el \u00fanico representante es Daniel L\u00f3pez que cumple los cuatro a\u00f1os de mandato.<\/span><\/p>\n<p><span style=\"color: #000000;\">En tanto, en el<b>\u00a0Frente de Todos\u00a0<\/b>se van Stella Montoya y Homero Di Berardino y continuar\u00e1n ocupando una banca Ariel Andr\u00e9s y Hebe Katzer.<\/span><\/p>\n<h4 style=\"text-align: center;\"><span style=\"color: #000000;\"><strong>AS\u00cd QUEDARON LAS LISTAS TRAS LAS ELECCIONES PASO<\/strong><\/span><\/h4>\n<h4><span style=\"color: #000000;\"><strong>FRENTE CAMBIA MENDOZA (Lista 503)<\/strong><\/span><\/h4>\n<p><span style=\"color: #000000;\">\u2022El radicalismo presente a trav\u00e9s del<b>\u00a0frente Cambia Mendoza (lista 503)<\/b>\u00a0lleg\u00f3 a las PASO con dos listas. Juntos por Mendoza obtuvo la mayor\u00eda con el 58% sin embargo Cambia Ya hizo un buena elecci\u00f3n y el 42% le permiti\u00f3 obtener el lugar de la minor\u00eda dentro de la lista general y coloc\u00f3 a Adri\u00e1n Caltabiano.<\/span><\/p>\n<p><span style=\"color: #000000;\">De esta forma los cinco candidatos de Cambia Mendoza son:\u00a0<b>Hern\u00e1n Climent, Alejandra Torti, Adri\u00e1n Caltabiano,<\/b>\u00a0<strong>Cecilia Ariet<\/strong> y <strong>Adolfo Balverde<\/strong>.<\/span><\/p>\n<h4><a href=\"http:\/\/vinasfm.com\/noticias\/wp-content\/uploads\/2021\/10\/251306834_196937275906542_8629408091378802259_n.jpg\"><img loading=\"lazy\" decoding=\"async\" class=\" wp-image-100741 aligncenter\" src=\"http:\/\/vinasfm.com\/noticias\/wp-content\/uploads\/2021\/10\/251306834_196937275906542_8629408091378802259_n-300x149.jpg\" alt=\"\" width=\"662\" height=\"329\" srcset=\"https:\/\/vinasfm.com\/noticias\/wp-content\/uploads\/2021\/10\/251306834_196937275906542_8629408091378802259_n-300x149.jpg 300w, https:\/\/vinasfm.com\/noticias\/wp-content\/uploads\/2021\/10\/251306834_196937275906542_8629408091378802259_n-1024x509.jpg 1024w, https:\/\/vinasfm.com\/noticias\/wp-content\/uploads\/2021\/10\/251306834_196937275906542_8629408091378802259_n-768x382.jpg 768w, https:\/\/vinasfm.com\/noticias\/wp-content\/uploads\/2021\/10\/251306834_196937275906542_8629408091378802259_n.jpg 1280w\" sizes=\"auto, (max-width: 662px) 100vw, 662px\" \/><\/a><\/h4>\n<h4><\/h4>\n<h4><span style=\"color: #000000;\"><strong>PARTIDO VERDE (Lista 181)<\/strong><\/span><\/h4>\n<p><span style=\"color: #000000;\">\u2022Forma parte de la oferta electoral el <b>Partido Verde (lista 181)\u00a0<\/b>que lleg\u00f3 a las PASO con lista \u00fanica.<\/span><\/p>\n<p><span style=\"color: #000000;\">Los representantes que aspiran al Concejo Deliberante son <\/span><b style=\"color: #000000;\">Javier L\u00f3pez, <\/b><span style=\"color: #000000;\"><strong>Mariana Sosa<\/strong> y <b>Luis Gonz\u00e1lez.<\/b><\/span><\/p>\n<h4><a href=\"http:\/\/vinasfm.com\/noticias\/wp-content\/uploads\/2021\/10\/248543329_127305099667205_5929476675422917259_n-e1636415384774.jpg\"><img loading=\"lazy\" decoding=\"async\" class=\" wp-image-100742 aligncenter\" src=\"http:\/\/vinasfm.com\/noticias\/wp-content\/uploads\/2021\/10\/248543329_127305099667205_5929476675422917259_n-e1636415384774-300x178.jpg\" alt=\"\" width=\"626\" height=\"371\" srcset=\"https:\/\/vinasfm.com\/noticias\/wp-content\/uploads\/2021\/10\/248543329_127305099667205_5929476675422917259_n-e1636415384774-300x178.jpg 300w, https:\/\/vinasfm.com\/noticias\/wp-content\/uploads\/2021\/10\/248543329_127305099667205_5929476675422917259_n-e1636415384774-1024x609.jpg 1024w, https:\/\/vinasfm.com\/noticias\/wp-content\/uploads\/2021\/10\/248543329_127305099667205_5929476675422917259_n-e1636415384774.jpg 1280w\" sizes=\"auto, (max-width: 626px) 100vw, 626px\" \/><\/a><\/h4>\n<h4><\/h4>\n<h4><span style=\"color: #000000;\"><strong>VAMOS MENDOCINOS! (Lista 504)<\/strong><\/span><\/h4>\n<p><span style=\"color: #000000;\">\u2022Los Dem\u00f3cratas participan en la elecci\u00f3n por la coalici\u00f3n\u00a0<b>Vamos Mendocinos<\/b>\u00a0(lista 504) y tambi\u00e9n definieron la lista de concejales por medio de interna.<\/span><\/p>\n<p><span style=\"color: #000000;\">Acuerdo Mendocino gan\u00f3 ampliamente la interna con el 66% de los votos pero con el 33.98% de Renovaci\u00f3n Total obtuvo la minor\u00eda e Ida Elvira Rodr\u00edguez pas\u00f3 a formar parte de la lista.<\/span><\/p>\n<p><span style=\"color: #000000;\">Con estos resultados la lista ir\u00e1 encabezadas por\u00a0<b>Andrea P\u00e9rez le siguen Carlos Vega, Ida Elvira Rodr\u00edguez,\u00a0<\/b>Rodolfo Noguerol y Mar\u00eda Alejandra Ejarque.<\/span><\/p>\n<h4><a href=\"http:\/\/vinasfm.com\/noticias\/wp-content\/uploads\/2021\/10\/242418829_2716357001990141_8108030651359445630_n-e1636416596671.jpg\"><img loading=\"lazy\" decoding=\"async\" class=\" wp-image-100748 aligncenter\" src=\"http:\/\/vinasfm.com\/noticias\/wp-content\/uploads\/2021\/10\/242418829_2716357001990141_8108030651359445630_n-e1636416596671-300x295.jpg\" alt=\"\" width=\"463\" height=\"455\" srcset=\"https:\/\/vinasfm.com\/noticias\/wp-content\/uploads\/2021\/10\/242418829_2716357001990141_8108030651359445630_n-e1636416596671-300x295.jpg 300w, https:\/\/vinasfm.com\/noticias\/wp-content\/uploads\/2021\/10\/242418829_2716357001990141_8108030651359445630_n-e1636416596671.jpg 719w\" sizes=\"auto, (max-width: 463px) 100vw, 463px\" \/><\/a><\/h4>\n<h4><span style=\"color: #000000;\"><strong>PARTIDO FEDERAL (Lista 8)<\/strong><\/span><\/h4>\n<p><span style=\"color: #000000;\"><b>\u2022El partido Federal (lista 8)\u00a0<\/b>se ubic\u00f3 como la tercera fuerza en General Alvear y en este caso fue con lista \u00fanica.<\/span><\/p>\n<p><span style=\"color: #000000;\">Al 14 de noviembre competir\u00e1n por llegar al Concejo:<b> Gladis Raquel Yunes, Jos\u00edas Kowal, Roxana Hikawczuk.<\/b><\/span><\/p>\n<p><a href=\"http:\/\/vinasfm.com\/noticias\/wp-content\/uploads\/2021\/10\/236937136_106483748416605_262759077995649052_n-e1636415181283.jpg\"><img loading=\"lazy\" decoding=\"async\" class=\" wp-image-100740 aligncenter\" src=\"http:\/\/vinasfm.com\/noticias\/wp-content\/uploads\/2021\/10\/236937136_106483748416605_262759077995649052_n-e1636415181283-300x167.jpg\" alt=\"\" width=\"605\" height=\"337\" srcset=\"https:\/\/vinasfm.com\/noticias\/wp-content\/uploads\/2021\/10\/236937136_106483748416605_262759077995649052_n-e1636415181283-300x167.jpg 300w, https:\/\/vinasfm.com\/noticias\/wp-content\/uploads\/2021\/10\/236937136_106483748416605_262759077995649052_n-e1636415181283-1024x571.jpg 1024w, https:\/\/vinasfm.com\/noticias\/wp-content\/uploads\/2021\/10\/236937136_106483748416605_262759077995649052_n-e1636415181283-768x428.jpg 768w, https:\/\/vinasfm.com\/noticias\/wp-content\/uploads\/2021\/10\/236937136_106483748416605_262759077995649052_n-e1636415181283-360x200.jpg 360w, https:\/\/vinasfm.com\/noticias\/wp-content\/uploads\/2021\/10\/236937136_106483748416605_262759077995649052_n-e1636415181283.jpg 1080w\" sizes=\"auto, (max-width: 605px) 100vw, 605px\" \/><\/a><\/p>\n<h4><\/h4>\n<h4><span style=\"color: #000000;\"><strong>FRENTE DE TODOS (Lista 502)<\/strong><\/span><\/h4>\n<p><span style=\"color: #000000;\"><b>\u2022En el justicialista Frente de Todos (lista 502)<\/b> tambi\u00e9n hubo internas, la lista oficial Volver a Creer alcanz\u00f3 el 58.66% de los votos sin embargo Protectora tambi\u00e9n super\u00f3 el piso (41.33%) para colocar un candidato por la minor\u00eda y se meti\u00f3 Homero Di Bernardino.<\/span><\/p>\n<p><span style=\"color: #000000;\">La lista general de los concejales la integran <b>Silvina Melzi, Homero Di Bernardino<\/b> y <b>Aldo Maldonado.<\/b><\/span><\/p>\n<div style=\"width: 431px\" class=\"wp-caption aligncenter\"><img loading=\"lazy\" decoding=\"async\" class=\"loaded\" src=\"https:\/\/img-s-msn-com.akamaized.net\/tenant\/amp\/entityid\/AAPTPKZ.img?h=584&amp;w=874&amp;m=6&amp;q=60&amp;o=f&amp;l=f&amp;x=247&amp;y=223\" alt=\"Silvina Melzi y el doctor Aldo Maldonado precandidatos de Volver a Creer en el Frente de Todos.\" width=\"431\" height=\"287\" data-src=\"{&quot;default&quot;:{&quot;load&quot;:&quot;default&quot;,&quot;w&quot;:&quot;80&quot;,&quot;h&quot;:&quot;53&quot;,&quot;src&quot;:&quot;\/\/img-s-msn-com.akamaized.net\/tenant\/amp\/entityid\/AAPTPKZ.img?h=534&amp;w=799&amp;m=6&amp;q=60&amp;o=f&amp;l=f&amp;x=247&amp;y=223&quot;},&quot;size3column&quot;:{&quot;load&quot;:&quot;default&quot;,&quot;w&quot;:&quot;62&quot;,&quot;h&quot;:&quot;42&quot;,&quot;src&quot;:&quot;\/\/img-s-msn-com.akamaized.net\/tenant\/amp\/entityid\/AAPTPKZ.img?h=417&amp;w=624&amp;m=6&amp;q=60&amp;o=f&amp;l=f&amp;x=247&amp;y=223&quot;},&quot;size2column&quot;:{&quot;load&quot;:&quot;default&quot;,&quot;w&quot;:&quot;62&quot;,&quot;h&quot;:&quot;42&quot;,&quot;src&quot;:&quot;\/\/img-s-msn-com.akamaized.net\/tenant\/amp\/entityid\/AAPTPKZ.img?h=417&amp;w=624&amp;m=6&amp;q=60&amp;o=f&amp;l=f&amp;x=247&amp;y=223&quot;}}\" \/><p class=\"wp-caption-text\"><span style=\"color: #000000;\">Silvina Melzi y Aldo Maldonado.<\/span><\/p><\/div>\n","protected":false},"excerpt":{"rendered":"<p>El 14 de noviembre concluye el proceso electoral de este 2021 con las elecciones generales para cargos legislativos. En General Alvear &#8230;<\/p>\n","protected":false},"author":8,"featured_media":34804,"comment_status":"open","ping_status":"open","sticky":false,"template":"","format":"standard","meta":{"footnotes":""},"categories":[5,23],"tags":[],"class_list":["post-99973","post","type-post","status-publish","format-standard","has-post-thumbnail","hentry","category-actualidad","category-elecciones"],"_links":{"self":[{"href":"https:\/\/vinasfm.com\/noticias\/wp-json\/wp\/v2\/posts\/99973","targetHints":{"allow":["GET"]}}],"collection":[{"href":"https:\/\/vinasfm.com\/noticias\/wp-json\/wp\/v2\/posts"}],"about":[{"href":"https:\/\/vinasfm.com\/noticias\/wp-json\/wp\/v2\/types\/post"}],"author":[{"embeddable":true,"href":"https:\/\/vinasfm.com\/noticias\/wp-json\/wp\/v2\/users\/8"}],"replies":[{"embeddable":true,"href":"https:\/\/vinasfm.com\/noticias\/wp-json\/wp\/v2\/comments?post=99973"}],"version-history":[{"count":13,"href":"https:\/\/vinasfm.com\/noticias\/wp-json\/wp\/v2\/posts\/99973\/revisions"}],"predecessor-version":[{"id":100751,"href":"https:\/\/vinasfm.com\/noticias\/wp-json\/wp\/v2\/posts\/99973\/revisions\/100751"}],"wp:featuredmedia":[{"embeddable":true,"href":"https:\/\/vinasfm.com\/noticias\/wp-json\/wp\/v2\/media\/34804"}],"wp:attachment":[{"href":"https:\/\/vinasfm.com\/noticias\/wp-json\/wp\/v2\/media?parent=99973"}],"wp:term":[{"taxonomy":"category","embeddable":true,"href":"https:\/\/vinasfm.com\/noticias\/wp-json\/wp\/v2\/categories?post=99973"},{"taxonomy":"post_tag","embeddable":true,"href":"https:\/\/vinasfm.com\/noticias\/wp-json\/wp\/v2\/tags?post=99973"}],"curies":[{"name":"wp","href":"https:\/\/api.w.org\/{rel}","templated":true}]}}