{"id":99962,"date":"2021-10-28T10:00:11","date_gmt":"2021-10-28T13:00:11","guid":{"rendered":"http:\/\/vinasfm.com\/noticias\/?p=99962"},"modified":"2021-10-28T12:29:06","modified_gmt":"2021-10-28T15:29:06","slug":"alvear-cumplio-8-dias-consecutivos-sin-reportar-nuevos-casos-positivos-de-covid-19","status":"publish","type":"post","link":"https:\/\/vinasfm.com\/noticias\/alvear-cumplio-8-dias-consecutivos-sin-reportar-nuevos-casos-positivos-de-covid-19\/","title":{"rendered":"ALVEAR CUMPLI\u00d3 8 D\u00cdAS CONSECUTIVOS SIN REPORTAR NUEVOS CASOS POSITIVOS DE COVID-19"},"content":{"rendered":"<h4><span style=\"color: #000000;\"><strong>El registro es uno de los m\u00e1s largos desde que se detectaron casos en la zona. En el Hospital Enfermeros Argentinos hace 11 d\u00edas que no hay internados en sala com\u00fan y en terapia intensiva. Solo se encuentran dos personas alojadas. La campa\u00f1a de vacunaci\u00f3n, el trabajo de los equipos de salud y el compromiso social, son los factores destacados.<\/strong><\/span><\/h4>\n<p><span style=\"color: #000000;\">Luego de una segunda ola muy compleja que sacudi\u00f3 al departamento de General Alvear con la llegada de la variante Manaos, los \u00faltimos informes muestran que en 7 d\u00edas consecutivos no se han registrado casos positivos. Otro de los datos alentadores que llegan del Hospital Enfermeros Argentinos ya que <strong>hace 11 d\u00edas que no hay pacientes internados en sala com\u00fan por COVID-19<\/strong> y solo dos personas contin\u00faan su proceso de recuperaci\u00f3n en terapia intensiva.<\/span><\/p>\n<p><span style=\"color: #000000;\">Los profesionales de la salud y autoridades sanitarias destacan como factores importantes, el gran trabajo de los equipos de salud, la hist\u00f3rica campa\u00f1a de vacunaci\u00f3n que se est\u00e1 desarrollando junto con el municipio y por supuesto, la responsabilidad social de toda la comunidad. &#8216;<em><strong>Para que tengan una idea, estamos realizando entre 20 -25 hisopados PCR todos<\/strong> los d\u00edas y nos est\u00e1n dado negativos todos<\/em>&#8216;, manifest\u00f3 una profesional del nosocomio.<\/span><\/p>\n<p><span style=\"color: #000000;\">Tambi\u00e9n se valor\u00f3 como positiva la cantidad de d\u00edas que lleva el hospital sin internados en sala com\u00fan: &#8216;<strong><em>En el momento m\u00e1s complicado de la pandemia ten\u00edamos entre el 90-95% de las camas ocupadas. Hoy no solo no tenemos pacientes en sala com\u00fan sino que en terapia hay solo una persona que decidi\u00f3 no inmunizarse contra la COVID-19<\/em><\/strong>&#8216;.<\/span><\/p>\n<p><span style=\"color: #000000;\">Desde los equipos de salud insisten con mantener los cuidados necesarios para seguir en esta situaci\u00f3n epidemiol\u00f3gica actual ya que la pandemia todav\u00eda no termin\u00f3.<\/span><\/p>\n","protected":false},"excerpt":{"rendered":"<p>El registro es uno de los m\u00e1s largos desde que se detectaron casos en la zona. En el Hospital Enfermeros Argentinos &#8230;<\/p>\n","protected":false},"author":8,"featured_media":99963,"comment_status":"open","ping_status":"open","sticky":false,"template":"","format":"standard","meta":{"footnotes":""},"categories":[5,62],"tags":[],"class_list":["post-99962","post","type-post","status-publish","format-standard","has-post-thumbnail","hentry","category-actualidad","category-coronavirus"],"_links":{"self":[{"href":"https:\/\/vinasfm.com\/noticias\/wp-json\/wp\/v2\/posts\/99962","targetHints":{"allow":["GET"]}}],"collection":[{"href":"https:\/\/vinasfm.com\/noticias\/wp-json\/wp\/v2\/posts"}],"about":[{"href":"https:\/\/vinasfm.com\/noticias\/wp-json\/wp\/v2\/types\/post"}],"author":[{"embeddable":true,"href":"https:\/\/vinasfm.com\/noticias\/wp-json\/wp\/v2\/users\/8"}],"replies":[{"embeddable":true,"href":"https:\/\/vinasfm.com\/noticias\/wp-json\/wp\/v2\/comments?post=99962"}],"version-history":[{"count":4,"href":"https:\/\/vinasfm.com\/noticias\/wp-json\/wp\/v2\/posts\/99962\/revisions"}],"predecessor-version":[{"id":100032,"href":"https:\/\/vinasfm.com\/noticias\/wp-json\/wp\/v2\/posts\/99962\/revisions\/100032"}],"wp:featuredmedia":[{"embeddable":true,"href":"https:\/\/vinasfm.com\/noticias\/wp-json\/wp\/v2\/media\/99963"}],"wp:attachment":[{"href":"https:\/\/vinasfm.com\/noticias\/wp-json\/wp\/v2\/media?parent=99962"}],"wp:term":[{"taxonomy":"category","embeddable":true,"href":"https:\/\/vinasfm.com\/noticias\/wp-json\/wp\/v2\/categories?post=99962"},{"taxonomy":"post_tag","embeddable":true,"href":"https:\/\/vinasfm.com\/noticias\/wp-json\/wp\/v2\/tags?post=99962"}],"curies":[{"name":"wp","href":"https:\/\/api.w.org\/{rel}","templated":true}]}}