{"id":99733,"date":"2021-10-25T23:59:07","date_gmt":"2021-10-26T02:59:07","guid":{"rendered":"http:\/\/vinasfm.com\/noticias\/?p=99733"},"modified":"2021-10-26T11:58:12","modified_gmt":"2021-10-26T14:58:12","slug":"la-policia-intervino-en-tres-situaciones-de-violencia-de-genero-registradas-en-ciudad-y-bowen","status":"publish","type":"post","link":"https:\/\/vinasfm.com\/noticias\/la-policia-intervino-en-tres-situaciones-de-violencia-de-genero-registradas-en-ciudad-y-bowen\/","title":{"rendered":"LA POLIC\u00cdA INTERVINO EN TRES SITUACIONES DE VIOLENCIA DE G\u00c9NERO REGISTRADAS EN CIUDAD Y BOWEN"},"content":{"rendered":"<h4><span style=\"color: #000000;\"><strong>Este fin de semana, personal de la Polic\u00eda local intervino en tres situaciones vinculadas a violencia de g\u00e9nero de las cuales dos ocurrieron el s\u00e1bado en Bowen y la restante este domingo en el Barrio San Carlos de Ciudad.<\/strong><\/span><\/h4>\n<p><span style=\"color: #000000;\">Seg\u00fan informaron extraoficialmente a <strong>F.M. Vi\u00f1as<\/strong>, cerca de las <strong>16:00hs de este s\u00e1bado<\/strong> se estaba desarrollando una <strong>ri\u00f1a entre varias personas en Bowen<\/strong>, <em>en contexto de violencia de g\u00e9nero<\/em>,\u00a0 por lo que gracias a un llamado al 911, la Policia tom\u00f3 conocimiento de lo sucedido.<\/span><\/p>\n<p><span style=\"color: #000000;\">Al arribar al escenario de la gresca e intentar separar a las partes, <strong>una efectivo policial recibi\u00f3 un fuerte golpe en la cabeza con un palo<\/strong>. Actualmente, <strong>se encuentra fuera de peligro<\/strong> tras ser asistida por personal m\u00e9dico.<\/span><\/p>\n<p><span style=\"color: #000000;\">Alrededor de las <strong>17:40hs del mismo d\u00eda<\/strong>, personal de <strong>Comisar\u00eda 46\u00b0<\/strong> fue alertado de otro caso de violencia de g\u00e9nero en <strong>inmediaciones de calles Malvinas Argentinas y San Martin (Bowen)<\/strong>.<\/span><\/p>\n<p><span style=\"color: #000000;\">Los uniformados observaron a <strong>un hombre portando un rev\u00f3lver calibre 22 arrastrando y golpeando a una mujer<\/strong> por lo que procedieron a aprehenderlo. Junto con el secuestro, <strong>el agresor fue trasladado a sede policial donde permanece a disposici\u00f3n de la Justicia<\/strong>.<\/span><\/p>\n<p><span style=\"color: #000000;\">Finalmente,<strong> en horas de la tarde de este domingo<\/strong> un hombre golpe\u00f3 a su pareja y al arribar personal de Comisar\u00eda 14\u00b0 <strong>se atrincher\u00f3 en su vivienda<\/strong>, ubicada en calle Alberdi.<\/span><\/p>\n<p><span style=\"color: #000000;\">Luego de varios minutos <strong>se entreg\u00f3 y fue trasladado a la sede policial donde permanece a disposici\u00f3n de la Justicia<\/strong>.<\/span><\/p>\n<h5><span style=\"color: #000000;\">\u2022F.B.<\/span><\/h5>\n","protected":false},"excerpt":{"rendered":"<p>Este fin de semana, personal de la Polic\u00eda local intervino en tres situaciones vinculadas a violencia de g\u00e9nero de las cuales &#8230;<\/p>\n","protected":false},"author":8,"featured_media":99734,"comment_status":"open","ping_status":"open","sticky":false,"template":"","format":"standard","meta":{"footnotes":""},"categories":[5,4],"tags":[],"class_list":["post-99733","post","type-post","status-publish","format-standard","has-post-thumbnail","hentry","category-actualidad","category-policiales"],"_links":{"self":[{"href":"https:\/\/vinasfm.com\/noticias\/wp-json\/wp\/v2\/posts\/99733","targetHints":{"allow":["GET"]}}],"collection":[{"href":"https:\/\/vinasfm.com\/noticias\/wp-json\/wp\/v2\/posts"}],"about":[{"href":"https:\/\/vinasfm.com\/noticias\/wp-json\/wp\/v2\/types\/post"}],"author":[{"embeddable":true,"href":"https:\/\/vinasfm.com\/noticias\/wp-json\/wp\/v2\/users\/8"}],"replies":[{"embeddable":true,"href":"https:\/\/vinasfm.com\/noticias\/wp-json\/wp\/v2\/comments?post=99733"}],"version-history":[{"count":4,"href":"https:\/\/vinasfm.com\/noticias\/wp-json\/wp\/v2\/posts\/99733\/revisions"}],"predecessor-version":[{"id":99765,"href":"https:\/\/vinasfm.com\/noticias\/wp-json\/wp\/v2\/posts\/99733\/revisions\/99765"}],"wp:featuredmedia":[{"embeddable":true,"href":"https:\/\/vinasfm.com\/noticias\/wp-json\/wp\/v2\/media\/99734"}],"wp:attachment":[{"href":"https:\/\/vinasfm.com\/noticias\/wp-json\/wp\/v2\/media?parent=99733"}],"wp:term":[{"taxonomy":"category","embeddable":true,"href":"https:\/\/vinasfm.com\/noticias\/wp-json\/wp\/v2\/categories?post=99733"},{"taxonomy":"post_tag","embeddable":true,"href":"https:\/\/vinasfm.com\/noticias\/wp-json\/wp\/v2\/tags?post=99733"}],"curies":[{"name":"wp","href":"https:\/\/api.w.org\/{rel}","templated":true}]}}