{"id":99728,"date":"2021-10-25T23:06:58","date_gmt":"2021-10-26T02:06:58","guid":{"rendered":"http:\/\/vinasfm.com\/noticias\/?p=99728"},"modified":"2021-10-26T10:32:01","modified_gmt":"2021-10-26T13:32:01","slug":"dictaron-una-capacitacion-sobre-trastorno-del-espectro-autista","status":"publish","type":"post","link":"https:\/\/vinasfm.com\/noticias\/dictaron-una-capacitacion-sobre-trastorno-del-espectro-autista\/","title":{"rendered":"DICTARON UNA CAPACITACI\u00d3N SOBRE TRASTORNO DEL ESPECTRO AUTISTA"},"content":{"rendered":"<h4><span style=\"color: #000000;\"><strong>La Jornada de Concientizaci\u00f3n y Abordaje Sobre la Tem\u00e1tica del Espectro Autista estuvo apuntada a padres y familiares de ni\u00f1os con Trastorno del Espectro Autista (TEA) y abord\u00f3 la tem\u00e1tica \u201cDetecci\u00f3n e Intervenci\u00f3n temprana\u201d. El s\u00e1bado 20 de noviembre el eje ser\u00e1 \u201cInclusi\u00f3n educativa en ni\u00f1os con TEA\u201d, a las 9hs de modo virtual.<\/strong><\/span><\/h4>\n<p><span style=\"color: #000000;\">La <strong>Directora de Desarrollo Social Norma Ruiz<\/strong> se refiri\u00f3 a esta capacitaci\u00f3n: &#8216;<strong><em>Esta es la primera propuesta que realizamos de acompa\u00f1amiento para padres con ni\u00f1os con TEA<\/em><\/strong>&#8216;, los expositores en esta jornada fueron el <strong>Dr. V\u00edctor Ruggieri<\/strong>, <strong>Mgter. M. Victoria Ruggieri<\/strong> y el <strong>Lic. Camilo Fern\u00e1ndez Hlede<\/strong>.<\/span><\/p>\n<p><span style=\"color: #000000;\">La funcionaria remarc\u00f3 la importancia de haber podido realizar este encuentro, sobre todo por la presencia virtual de los disertantes de renombre a nivel nacional en cuanto a esta tem\u00e1tica. <strong>Estas jornadas son totalmente gratuitas y se busca acompa\u00f1ar a los padres con ni\u00f1os con TEA<\/strong>.<\/span><\/p>\n<p><span style=\"color: #000000;\">Es bueno recordar que el s\u00e1bado 20 de noviembre el eje ser\u00e1 &#8216;<strong><em>Inclusi\u00f3n educativa en ni\u00f1os con TEA<\/em><\/strong>&#8216;. Adem\u00e1s. a trav\u00e9s de este v\u00ednculo con el Dr Ruggeri, ya <strong>se est\u00e1n planificando actividades para el pr\u00f3ximo a\u00f1o y la posibilidad de realizar un diplomado apuntado al \u00e1mbito docente<\/strong>.<\/span><\/p>\n<h5><span style=\"color: #000000;\">\u2022F.B.<\/span><\/h5>\n","protected":false},"excerpt":{"rendered":"<p>La Jornada de Concientizaci\u00f3n y Abordaje Sobre la Tem\u00e1tica del Espectro Autista estuvo apuntada a padres y familiares de ni\u00f1os con &#8230;<\/p>\n","protected":false},"author":8,"featured_media":99729,"comment_status":"open","ping_status":"open","sticky":false,"template":"","format":"standard","meta":{"footnotes":""},"categories":[5,10],"tags":[],"class_list":["post-99728","post","type-post","status-publish","format-standard","has-post-thumbnail","hentry","category-actualidad","category-destacadas"],"_links":{"self":[{"href":"https:\/\/vinasfm.com\/noticias\/wp-json\/wp\/v2\/posts\/99728","targetHints":{"allow":["GET"]}}],"collection":[{"href":"https:\/\/vinasfm.com\/noticias\/wp-json\/wp\/v2\/posts"}],"about":[{"href":"https:\/\/vinasfm.com\/noticias\/wp-json\/wp\/v2\/types\/post"}],"author":[{"embeddable":true,"href":"https:\/\/vinasfm.com\/noticias\/wp-json\/wp\/v2\/users\/8"}],"replies":[{"embeddable":true,"href":"https:\/\/vinasfm.com\/noticias\/wp-json\/wp\/v2\/comments?post=99728"}],"version-history":[{"count":1,"href":"https:\/\/vinasfm.com\/noticias\/wp-json\/wp\/v2\/posts\/99728\/revisions"}],"predecessor-version":[{"id":99730,"href":"https:\/\/vinasfm.com\/noticias\/wp-json\/wp\/v2\/posts\/99728\/revisions\/99730"}],"wp:featuredmedia":[{"embeddable":true,"href":"https:\/\/vinasfm.com\/noticias\/wp-json\/wp\/v2\/media\/99729"}],"wp:attachment":[{"href":"https:\/\/vinasfm.com\/noticias\/wp-json\/wp\/v2\/media?parent=99728"}],"wp:term":[{"taxonomy":"category","embeddable":true,"href":"https:\/\/vinasfm.com\/noticias\/wp-json\/wp\/v2\/categories?post=99728"},{"taxonomy":"post_tag","embeddable":true,"href":"https:\/\/vinasfm.com\/noticias\/wp-json\/wp\/v2\/tags?post=99728"}],"curies":[{"name":"wp","href":"https:\/\/api.w.org\/{rel}","templated":true}]}}