{"id":99675,"date":"2021-10-22T00:01:51","date_gmt":"2021-10-22T03:01:51","guid":{"rendered":"http:\/\/vinasfm.com\/noticias\/?p=99675"},"modified":"2021-10-25T10:47:39","modified_gmt":"2021-10-25T13:47:39","slug":"agenda-cultural-con-propuestas-para-todas-las-edades","status":"publish","type":"post","link":"https:\/\/vinasfm.com\/noticias\/agenda-cultural-con-propuestas-para-todas-las-edades\/","title":{"rendered":"AGENDA CULTURAL CON PROPUESTAS PARA TODAS LAS EDADES"},"content":{"rendered":"<h4><span style=\"color: #000000;\"><strong>Este fin de semana hay varias propuestas para disfrutar en nuestro Cine Teatro Antonio Lafalla pensadas y preparada para todas las edades. Tambi\u00e9n contin\u00faan los distintos talleres que brindan desde el municipio.<\/strong><\/span><\/h4>\n<p><span style=\"color: #000000;\">Desde el d\u00eda jueves y hasta el domingo ya hay cartelera para los m\u00e1s chicos y para los m\u00e1s grandes. En di\u00e1logo con <em><strong>F.M. VI\u00d1AS la Directora de Cultura Liana Piedrafita<\/strong><\/em>se\u00f1al\u00f3:<em><strong> &#8216;Este fin de semana tenemos un estreno para los m\u00e1s peque\u00f1os que se llama &#8216;Rons Gone Wrong&#8217; es apta para todo p\u00fablico se trata de un estudiante que tiene como amigo un dispositivo digital andante y parlante, es un estreno que ha tenido mucho \u00e9xito a las 19hs. y una pel\u00edcula para adulta con la saga para halloween es &#8216;Halloween Kills&#8217; que comienza a las 21.30 vienes, s\u00e1bados y domingos&#8217;.<\/strong><\/em><\/span><\/p>\n<div id=\"attachment_97451\" style=\"width: 315px\" class=\"wp-caption alignleft\"><a href=\"http:\/\/vinasfm.com\/noticias\/wp-content\/uploads\/2021\/09\/WhatsApp-Image-2021-09-15-at-11.02.12.jpeg\"><img loading=\"lazy\" decoding=\"async\" aria-describedby=\"caption-attachment-97451\" class=\" wp-image-97451\" src=\"http:\/\/vinasfm.com\/noticias\/wp-content\/uploads\/2021\/09\/WhatsApp-Image-2021-09-15-at-11.02.12.jpeg\" alt=\"\" width=\"315\" height=\"177\" srcset=\"https:\/\/vinasfm.com\/noticias\/wp-content\/uploads\/2021\/09\/WhatsApp-Image-2021-09-15-at-11.02.12.jpeg 1600w, https:\/\/vinasfm.com\/noticias\/wp-content\/uploads\/2021\/09\/WhatsApp-Image-2021-09-15-at-11.02.12-300x169.jpeg 300w, https:\/\/vinasfm.com\/noticias\/wp-content\/uploads\/2021\/09\/WhatsApp-Image-2021-09-15-at-11.02.12-1024x577.jpeg 1024w, https:\/\/vinasfm.com\/noticias\/wp-content\/uploads\/2021\/09\/WhatsApp-Image-2021-09-15-at-11.02.12-768x432.jpeg 768w, https:\/\/vinasfm.com\/noticias\/wp-content\/uploads\/2021\/09\/WhatsApp-Image-2021-09-15-at-11.02.12-1536x865.jpeg 1536w, https:\/\/vinasfm.com\/noticias\/wp-content\/uploads\/2021\/09\/WhatsApp-Image-2021-09-15-at-11.02.12-750x420.jpeg 750w, https:\/\/vinasfm.com\/noticias\/wp-content\/uploads\/2021\/09\/WhatsApp-Image-2021-09-15-at-11.02.12-1140x641.jpeg 1140w\" sizes=\"auto, (max-width: 315px) 100vw, 315px\" \/><\/a><p id=\"caption-attachment-97451\" class=\"wp-caption-text\">Liana Piedrafita, Directora de Cultura.<\/p><\/div>\n<p><span style=\"color: #000000;\"><em><strong>&#8216;El d\u00eda domingo habr\u00e1 una competencias de danza a nivel provincial va a tener dos funciones a las 15hs y a las 17.30hs en cada una de las funciones va actuar adulto y tambi\u00e9n los m\u00e1s chicos o juveniles, la entrada general cuesta $300 por supuesto se van a entregar medallas&#8217;<\/strong><\/em>, agreg\u00f3 Piedrafita.<\/span><\/p>\n<p><span style=\"color: #000000;\">El pasado lunes inicio el<em><strong> &#8216;Taller de Teatro&#8217;<\/strong><\/em> y est\u00e1n todos invitados a sumarse los <strong><em>d\u00edas lunes a partir de las 18.30 en el Teatro Antonio<\/em><\/strong> Lafalla. Tambi\u00e9n se est\u00e1 llevando a cabo el <em><strong>&#8216;Taller de Tango&#8217;<\/strong> <\/em>en el <strong><em>polideportivo los d\u00edas s\u00e1bados a las 18hs.<\/em><\/strong><\/span><\/p>\n<p><span style=\"color: #000000;\">En el <em><strong>CIC del Barrio SOEMGA y en el Barrio Los Ranqueles<\/strong><\/em>, est\u00e1n los <em><strong>talleres de pintura y dibujo<\/strong><\/em>, en <em><strong>Alvear Oeste<\/strong><\/em> hay un artista pl\u00e1stico es un <em><strong>taller de construcci\u00f3n con cemento y con reciclado para jardines,<\/strong><\/em> en <strong><em>Carmensa<\/em><\/strong> se est\u00e1 realizando un <strong><em>programa de cer\u00e1mica<\/em><\/strong> y en en distrito de <strong><em>Bowen un taller de marroquiner\u00eda, pintura y uno de peluquer\u00eda.<\/em><\/strong><\/span><\/p>\n<h5><span style=\"color: #000000;\">\u2022C.F.<\/span><\/h5>\n","protected":false},"excerpt":{"rendered":"<p>Este fin de semana hay varias propuestas para disfrutar en nuestro Cine Teatro Antonio Lafalla pensadas y preparada para todas las &#8230;<\/p>\n","protected":false},"author":7,"featured_media":37249,"comment_status":"open","ping_status":"open","sticky":false,"template":"","format":"standard","meta":{"footnotes":""},"categories":[5,19],"tags":[],"class_list":["post-99675","post","type-post","status-publish","format-standard","has-post-thumbnail","hentry","category-actualidad","category-cultura"],"_links":{"self":[{"href":"https:\/\/vinasfm.com\/noticias\/wp-json\/wp\/v2\/posts\/99675","targetHints":{"allow":["GET"]}}],"collection":[{"href":"https:\/\/vinasfm.com\/noticias\/wp-json\/wp\/v2\/posts"}],"about":[{"href":"https:\/\/vinasfm.com\/noticias\/wp-json\/wp\/v2\/types\/post"}],"author":[{"embeddable":true,"href":"https:\/\/vinasfm.com\/noticias\/wp-json\/wp\/v2\/users\/7"}],"replies":[{"embeddable":true,"href":"https:\/\/vinasfm.com\/noticias\/wp-json\/wp\/v2\/comments?post=99675"}],"version-history":[{"count":5,"href":"https:\/\/vinasfm.com\/noticias\/wp-json\/wp\/v2\/posts\/99675\/revisions"}],"predecessor-version":[{"id":99698,"href":"https:\/\/vinasfm.com\/noticias\/wp-json\/wp\/v2\/posts\/99675\/revisions\/99698"}],"wp:featuredmedia":[{"embeddable":true,"href":"https:\/\/vinasfm.com\/noticias\/wp-json\/wp\/v2\/media\/37249"}],"wp:attachment":[{"href":"https:\/\/vinasfm.com\/noticias\/wp-json\/wp\/v2\/media?parent=99675"}],"wp:term":[{"taxonomy":"category","embeddable":true,"href":"https:\/\/vinasfm.com\/noticias\/wp-json\/wp\/v2\/categories?post=99675"},{"taxonomy":"post_tag","embeddable":true,"href":"https:\/\/vinasfm.com\/noticias\/wp-json\/wp\/v2\/tags?post=99675"}],"curies":[{"name":"wp","href":"https:\/\/api.w.org\/{rel}","templated":true}]}}