{"id":99600,"date":"2021-10-22T23:59:27","date_gmt":"2021-10-23T02:59:27","guid":{"rendered":"http:\/\/vinasfm.com\/noticias\/?p=99600"},"modified":"2021-10-25T08:52:20","modified_gmt":"2021-10-25T11:52:20","slug":"diversas-organizaciones-alvearenses-recibieron-materiales-de-seguridad-vial","status":"publish","type":"post","link":"https:\/\/vinasfm.com\/noticias\/diversas-organizaciones-alvearenses-recibieron-materiales-de-seguridad-vial\/","title":{"rendered":"DIVERSAS ORGANIZACIONES ALVEARENSES RECIBIERON MATERIALES DE SEGURIDAD VIAL"},"content":{"rendered":"<h4><span style=\"color: #000000;\"><strong>El Director de Unidad Ejecutiva de Seguridad Vial de Mendoza Orlando Corval\u00e1n, acompa\u00f1ado por el Intendente Walther Marcolini, la Diputada Maricel Arriaga, el Secretario de Gobierno Jos\u00e9 Vilches y el Director de la Polic\u00eda de Tr\u00e1nsito Municipal Sergio Agostini, entreg\u00f3 material de seguridad vial a las delegaciones, a instituciones educativas y a la Polic\u00eda de Tr\u00e1nsito municipal. Adem\u00e1s, inform\u00f3 datos de siniestralidad en la Provincia y sobre la posibilidad de incorporar nuevos sem\u00e1foros en General Alvear.<\/strong><\/span><\/h4>\n<p><span style=\"color: #000000;\">El Intendente agradeci\u00f3 la presencia del Director de Unidad Ejecutiva de Seguridad Vial de Mendoza, dado que trabaja en pos de la seguridad en nuestras rutas, en la generaci\u00f3n de conciencia, en la entrega de materiales de seguridad vial, que hoy reciben establecimientos educativos, la Polic\u00eda de tr\u00e1nsito municipal y las delegaciones municipales.<\/span><\/p>\n<p><span style=\"color: #000000;\"><strong>Orlando Corval\u00e1n<\/strong> estuvo presente en San Juan, presente en la reuni\u00f3n nacional de la agencia de seguridad vial de la zona Cuyo y ayer junto a la Diputada Maricel Arriaga y Jos\u00e9 Vilches estuvieron en el Barrio San Carlos, en Ugacoop, donde entregaron materiales a la Polic\u00eda de Tr\u00e1nsito Municipal, luego se dirigieron a Carmensa, Bowen y Alvear Oeste: &#8216;<strong><em>La idea fue potencia ese criterio de federalismo, es muy importante destacar que se trata con el mismo criterio de equidad a todos los distritos&#8217;<\/em><\/strong>.<\/span><\/p>\n<p><span style=\"color: #000000;\">El Director de Unidad Ejecutiva de Seguridad Vial de Mendoza agradeci\u00f3 al Intendente y a la Diputada Maricel Arriaga y destac\u00f3 que este a\u00f1o el Consejo provincial de Seguridad Vial, donde se plantean las pol\u00edticas de seguridad vial de la Provincia, sali\u00f3 la baja de multa grave a leve por luces bajas, que aprob\u00f3 la legislatura y Arriaga patrocin\u00f3:\u00a0&#8216;<strong><em>En materia de seguridad vial, durante el primer semestre de este a\u00f1o, Mendoza es una de las provincias con menos siniestralidad\u201d destac\u00f3 Corval\u00e1n, a lo que hay que agregar que en ese contexto Alvear es uno de los departamentos con menor siniestralidad de Mendoza<\/em><\/strong>&#8216;, se\u00f1al\u00f3.<\/span><\/p>\n<p><span style=\"color: #000000;\">Corval\u00e1n destac\u00f3 igualmente que se incorpor\u00f3 a los municipios con sus Polic\u00edas municipales, con sus Juzgados viales que han hecho su aporte y Alvear es uno de los departamentos con menor siniestralidad de la Provincia, por lo que se har\u00e1 un mayor esfuerzo para acompa\u00f1arlos en su gesti\u00f3n.<\/span><\/p>\n<p><span style=\"color: #000000;\">&#8216;<strong><em>Estamos ac\u00e1 para trabajar, seguir con planes provinciales, educaci\u00f3n vial para alumnos y cursos para docentes. Hoy traemos elementos de seguridad vial para que los chicos est\u00e9n m\u00e1s seguros al llegar y al salir de la escuela. Se trata de conos, cadenas, chalecos y para la Polic\u00eda vial trajimos bastones lum\u00ednicos, chalecos, pinturas viales<\/em><\/strong>&#8216;.<\/span><\/p>\n<p><span style=\"color: #000000;\">Es para resaltar, que un proyecto del Intendente est\u00e1 en estudio y avanzado, se trata de pedidos de sem\u00e1foros y reductores de seguridad: &#8216;<strong><em>El esfuerzo se traduce en la gesti\u00f3n y luego se obtienen resultados que son vistos en los observatorios de seguridad vial provincial y nacional<\/em><\/strong>&#8216;.<\/span><\/p>\n","protected":false},"excerpt":{"rendered":"<p>El Director de Unidad Ejecutiva de Seguridad Vial de Mendoza Orlando Corval\u00e1n, acompa\u00f1ado por el Intendente Walther Marcolini, la Diputada Maricel &#8230;<\/p>\n","protected":false},"author":8,"featured_media":99603,"comment_status":"open","ping_status":"open","sticky":false,"template":"","format":"standard","meta":{"footnotes":""},"categories":[5,56],"tags":[],"class_list":["post-99600","post","type-post","status-publish","format-standard","has-post-thumbnail","hentry","category-actualidad","category-seguridad-vial"],"_links":{"self":[{"href":"https:\/\/vinasfm.com\/noticias\/wp-json\/wp\/v2\/posts\/99600","targetHints":{"allow":["GET"]}}],"collection":[{"href":"https:\/\/vinasfm.com\/noticias\/wp-json\/wp\/v2\/posts"}],"about":[{"href":"https:\/\/vinasfm.com\/noticias\/wp-json\/wp\/v2\/types\/post"}],"author":[{"embeddable":true,"href":"https:\/\/vinasfm.com\/noticias\/wp-json\/wp\/v2\/users\/8"}],"replies":[{"embeddable":true,"href":"https:\/\/vinasfm.com\/noticias\/wp-json\/wp\/v2\/comments?post=99600"}],"version-history":[{"count":2,"href":"https:\/\/vinasfm.com\/noticias\/wp-json\/wp\/v2\/posts\/99600\/revisions"}],"predecessor-version":[{"id":99604,"href":"https:\/\/vinasfm.com\/noticias\/wp-json\/wp\/v2\/posts\/99600\/revisions\/99604"}],"wp:featuredmedia":[{"embeddable":true,"href":"https:\/\/vinasfm.com\/noticias\/wp-json\/wp\/v2\/media\/99603"}],"wp:attachment":[{"href":"https:\/\/vinasfm.com\/noticias\/wp-json\/wp\/v2\/media?parent=99600"}],"wp:term":[{"taxonomy":"category","embeddable":true,"href":"https:\/\/vinasfm.com\/noticias\/wp-json\/wp\/v2\/categories?post=99600"},{"taxonomy":"post_tag","embeddable":true,"href":"https:\/\/vinasfm.com\/noticias\/wp-json\/wp\/v2\/tags?post=99600"}],"curies":[{"name":"wp","href":"https:\/\/api.w.org\/{rel}","templated":true}]}}