{"id":99543,"date":"2021-10-21T00:58:13","date_gmt":"2021-10-21T03:58:13","guid":{"rendered":"http:\/\/vinasfm.com\/noticias\/?p=99543"},"modified":"2021-10-21T10:39:18","modified_gmt":"2021-10-21T13:39:18","slug":"alivio-al-sector-vitivinicola-mendoza-avanza-en-la-compra-de-1-500-000-botellas","status":"publish","type":"post","link":"https:\/\/vinasfm.com\/noticias\/alivio-al-sector-vitivinicola-mendoza-avanza-en-la-compra-de-1-500-000-botellas\/","title":{"rendered":"ALIVIO AL SECTOR VITIVIN\u00cdCOLA: MENDOZA AVANZA EN LA COMPRA DE 1.500.000 BOTELLAS"},"content":{"rendered":"<h4><span style=\"color: #000000;\"><strong>Mientras avanzan las gestiones para la importaci\u00f3n de 15 millones de unidades m\u00e1s desde T\u00fanez, la provincia recibi\u00f3 una oferta de la firma Cattorini Hnos. por un monto superior a $45 millones. La entrega se har\u00e1 a diario, con un plazo m\u00e1ximo de 8 semanas. \u00a0<\/strong><\/span><\/h4>\n<p><span style=\"color: #000000;\">El Gobierno de Mendoza, a trav\u00e9s del <strong>Ministerio de Econom\u00eda y Energ\u00eda<\/strong>, avanz\u00f3 en las gestiones necesarias para <strong>comprar 1.500.000 botellas a la firma Cattorini Hnos.,<\/strong> por un<strong> monto superior a $45 millones<\/strong>. La buena noticia para el sector se da tras el impulso de un concurso p\u00fablico para la selecci\u00f3n de proveedores de insumos vitivin\u00edcolas en el marco del fideicomiso de asistencia a la actividad agroindustrial impulsado desde <strong>Mendoza Fiduciaria SA. \u00a0<\/strong><\/span><\/p>\n<p><span style=\"color: #000000;\">El anuncio, que estuvo a cargo del ministro de Econom\u00eda y Energ\u00eda, Enrique Vaqui\u00e9, junto al subsecretario de Agricultura y Ganader\u00eda, Sergio Moralejo; Alejandro Zlotolow, subsecretario de Industria y Comercio, y Hern\u00e1n Norando, titular de Mendoza Fiduciaria, fue ante la presencia de Jos\u00e9 Zuccardi, presidente de la Corporaci\u00f3n Vitivin\u00edcola Argentina (COVIAR). El bodeguero estuvo acompa\u00f1ado por el gerente general de la instituci\u00f3n representativa del sector, Carlos Fiochetta, entre otros miembros y referentes del sector. \u00a0<\/span><\/p>\n<p><span style=\"color: #000000;\">En declaraciones a la prensa,\u00a0Sergio Moralejo, destac\u00f3: \u201c<strong><em>Es muy importante haber logrado que una empresa radicada en Mendoza destine un mill\u00f3n y medio de botellas, adicionales a su producci\u00f3n habitual, al sector. La intenci\u00f3n con este acuerdo es dar respuesta a la demanda de aquellas peque\u00f1as industrias que producen entre 50 y 200 mil botellas y que claramente, si no pueden fraccionar, vamos a estar en un problema\u00bb<\/em><\/strong>. \u00a0<\/span><\/p>\n<p><span style=\"color: #000000;\">Por otro lado, el funcionario resalt\u00f3 los avances logrados en cuanto al compromiso de una empresa radicada en T\u00fanez que podr\u00eda proveer a nuestra provincia con 15 millones de botellas m\u00e1s. \u201c<strong><em>Est\u00e1n disponibles, pero ha surgido un problema vinculado a las nuevas normativas del Banco Central y los topes de importaci\u00f3n. El l\u00edmite inicial son 250 mil d\u00f3lares, haciendo que la cantidad de contenedores que podemos importar se vea limitada tambi\u00e9n.\u00a0Vamos a evaluar el sobrecosto de tasa estad\u00edstica y aranceles de la primera entrega de 1,5 mill\u00f3n de botellas importadas, ya que desde Naci\u00f3n a\u00fan no hemos tenido ning\u00fan tipo de respuesta sobre la disminuci\u00f3n o eliminaci\u00f3n de estos porcentuales<\/em><\/strong>\u201d. \u00a0<\/span><\/p>\n<p><span style=\"color: #000000;\">En el marco del encuentro, el titular de la cartera econ\u00f3mica provincial aprovech\u00f3 para comunicarse con el presidente del Banco Central, Miguel \u00c1ngel Pesce, y le solicit\u00f3 la excepci\u00f3n de este \u00edtem, ya que Mendoza cuenta con una demanda superior a 16 millones de botellas en Mendoza Fiduciaria. \u201cNecesitamos que la Naci\u00f3n libere estos cupos y que disminuya estos aranceles para que podamos hacer la importaci\u00f3n, si no, no podemos ser competitivos\u201d, remarc\u00f3 Moralejo sobre este punto. \u00a0<\/span><\/p>\n<p><span style=\"color: #000000;\">Por su parte,\u00a0Jos\u00e9 Zuccardi a\u00f1adi\u00f3: \u201c<strong><em>La intenci\u00f3n de este acuerdo es proveer de este insumo a los m\u00e1s peque\u00f1os e intentar mitigar el problema que se ha general en cuanto al abastecimiento para la industria, pero especialmente enfocado en peque\u00f1as bodegas, que son las que tienen serios problemas en este sentido. Entendemos que no ser\u00e1n menos de 60 bodegas las que se inscriban<\/em><\/strong>\u201d. \u00a0<\/span><\/p>\n<p><span style=\"color: #000000;\">Inicialmente se acord\u00f3 la compra de 1,5 millones de botellas para satisfacer las necesidades de estas peque\u00f1as industrias. Desde el sector privado reconocieron que el faltante de botellas en la provincia asciende a 45 millones de unidades. En este sentido, Zuccardi destac\u00f3 que se est\u00e1 incrementando la producci\u00f3n y \u201c<strong><em>hay un gran inter\u00e9s de la industria del vidrio de resolver esta situaci\u00f3n<\/em><\/strong>\u201d. \u00a0<\/span><\/p>\n<p><span style=\"color: #000000;\">Consultado el titular de\u00a0Industria y Comercio, Alejandro Zlotolow, sobre c\u00f3mo se va a avanzar en los otros sectores que tambi\u00e9n se han visto perjudicados por esta situaci\u00f3n, coment\u00f3: \u201c<strong><em>Hemos ofrecido el mismo mecanismo a las conservaras y a las oliv\u00edcolas. En el mismo sentido, lo que tendr\u00edamos que hacer es una operatoria similar a esta<\/em><\/strong>\u201d. \u00a0<\/span><\/p>\n<p><span style=\"color: #000000;\">\u201c<strong><em>En el caso del pl\u00e1stico, para algunos es una alternativa y para otros no. Esto tiene que ver con el modo de presentaci\u00f3n y de c\u00f3mo se posicionan los productos conservados en vidrio y en envases de pl\u00e1stico. En muchos casos se trata de productos de exportaci\u00f3n, por lo que el envase de vidrio es un diferencial<\/em><\/strong>\u201d, cerr\u00f3 Zlotolow. \u00a0<\/span><\/p>\n<h4><span style=\"color: #000000;\"><strong>Sobre la compra \u00a0<\/strong><\/span><\/h4>\n<p><span style=\"color: #000000;\">El acuerdo contempla la adquisici\u00f3n, por parte del Ejecutivo provincial, de 400 mil botellas tipo Nevada (750 cc), a un valor de $23,29 ($9.316.000), 300 mil tipo Serrana (750 cc), a 25,80 cada una ($7.740.000), 500 mil tipo Burdeos a $38,50 ($19.250.000) y 300 mil unidades m\u00e1s tipo Andina de 750 cc, por un valor de $29,31 cada una ($8.793.000). El total de la propuesta por parte de la firma asciende a $45.099.000. \u00a0<\/span><\/p>\n<p><span style=\"color: #000000;\">Consultadas las autoridades de Mendoza Fiduciaria sobre los plazos de entrega estipulados, comentaron que el acuerdo se concretar\u00e1 en ocho semanas con entregas diarias. \u201c<strong><em>Los precios estipulados por la empresa Cattorini son los que luego nosotros trasladamos a las propias bodegas, no trabajamos con ninguna rentabilidad. Es m\u00e1s, les vamos a dar la posibilidad de financiar la compra a 90 o 120 d\u00edas a una tasa muy baja para que la propuesta sea atractiva<\/em><\/strong>\u201d,\u00a0remarc\u00f3 Norando. \u00a0<\/span><\/p>\n<h4><span style=\"color: #000000;\"><strong>Gestionar para avanzar \u00a0<\/strong><\/span><\/h4>\n<p><span style=\"color: #000000;\">El faltante de botellas para la industria mendocina es un problema de larga data que se acrecent\u00f3 a\u00fan m\u00e1s tras la explosi\u00f3n de un horno y posterior incendio en la f\u00e1brica de vidrio Verallia, anteriormente Ray\u00e9n Cur\u00e1, en el departamento de Guaymall\u00e9n. \u00a0<\/span><\/p>\n<p><span style=\"color: #000000;\">Ante esta situaci\u00f3n, desde la cartera econ\u00f3mica provincial se avanz\u00f3 en diversas gestiones tendientes a reducir el fuerte impacto generado en el sector mediante reuniones virtuales con funcionario nacionales en el marco del Consejo Nacional Agropecuario y luego con el secretario de Agricultura, Ganader\u00eda y Pesca de la Naci\u00f3n, Jorge Solmi, y un enviado del ministro de Econom\u00eda, Mart\u00edn Guzm\u00e1n, y Roberto Arias, secretario de Pol\u00edtica Tributaria.\u00a0\u00a0\u00a0\u00a0\u00a0<\/span><\/p>\n<p><span style=\"color: #000000;\">Previo a estos esfuerzos, en pos de buscar una alternativa a la problem\u00e1tica, desde la provincia se mantuvieron encuentros con referentes del sector vitivin\u00edcola de la provincia y se enviaron notas dirigidas a las autoridades nacionales solicitando una pronta salida.\u00a0\u00a0\u00a0\u00a0<\/span><\/p>\n","protected":false},"excerpt":{"rendered":"<p>Mientras avanzan las gestiones para la importaci\u00f3n de 15 millones de unidades m\u00e1s desde T\u00fanez, la provincia recibi\u00f3 una oferta de &#8230;<\/p>\n","protected":false},"author":8,"featured_media":99544,"comment_status":"open","ping_status":"open","sticky":false,"template":"","format":"standard","meta":{"footnotes":""},"categories":[5,77],"tags":[],"class_list":["post-99543","post","type-post","status-publish","format-standard","has-post-thumbnail","hentry","category-actualidad","category-gobierno"],"_links":{"self":[{"href":"https:\/\/vinasfm.com\/noticias\/wp-json\/wp\/v2\/posts\/99543","targetHints":{"allow":["GET"]}}],"collection":[{"href":"https:\/\/vinasfm.com\/noticias\/wp-json\/wp\/v2\/posts"}],"about":[{"href":"https:\/\/vinasfm.com\/noticias\/wp-json\/wp\/v2\/types\/post"}],"author":[{"embeddable":true,"href":"https:\/\/vinasfm.com\/noticias\/wp-json\/wp\/v2\/users\/8"}],"replies":[{"embeddable":true,"href":"https:\/\/vinasfm.com\/noticias\/wp-json\/wp\/v2\/comments?post=99543"}],"version-history":[{"count":3,"href":"https:\/\/vinasfm.com\/noticias\/wp-json\/wp\/v2\/posts\/99543\/revisions"}],"predecessor-version":[{"id":99548,"href":"https:\/\/vinasfm.com\/noticias\/wp-json\/wp\/v2\/posts\/99543\/revisions\/99548"}],"wp:featuredmedia":[{"embeddable":true,"href":"https:\/\/vinasfm.com\/noticias\/wp-json\/wp\/v2\/media\/99544"}],"wp:attachment":[{"href":"https:\/\/vinasfm.com\/noticias\/wp-json\/wp\/v2\/media?parent=99543"}],"wp:term":[{"taxonomy":"category","embeddable":true,"href":"https:\/\/vinasfm.com\/noticias\/wp-json\/wp\/v2\/categories?post=99543"},{"taxonomy":"post_tag","embeddable":true,"href":"https:\/\/vinasfm.com\/noticias\/wp-json\/wp\/v2\/tags?post=99543"}],"curies":[{"name":"wp","href":"https:\/\/api.w.org\/{rel}","templated":true}]}}