{"id":99509,"date":"2021-10-21T23:59:16","date_gmt":"2021-10-22T02:59:16","guid":{"rendered":"http:\/\/vinasfm.com\/noticias\/?p=99509"},"modified":"2021-10-22T20:13:58","modified_gmt":"2021-10-22T23:13:58","slug":"presentaron-el-programa-mendoza-emprende-semilla-que-beneficia-a-pequenos-emprendedores","status":"publish","type":"post","link":"https:\/\/vinasfm.com\/noticias\/presentaron-el-programa-mendoza-emprende-semilla-que-beneficia-a-pequenos-emprendedores\/","title":{"rendered":"PRESENTARON EL PROGRAMA &#8216;MENDOZA EMPRENDE SEMILLA&#8217; QUE BENEFICIA A PEQUE\u00d1OS EMPRENDEDORES"},"content":{"rendered":"<h4><span style=\"color: #000000;\"><strong>En la ma\u00f1ana de este mi\u00e9rcoles se present\u00f3 el Programa Mendoza Emprende Semilla, orientado a peque\u00f1os emprendedores que est\u00e9n iniciando, ya sea referido a la agricultura, el comercio o la industria. Estuvo presente el Delegado Zona Sur del Ministerio de Econom\u00eda Edgar Rodr\u00edguez.<\/strong><\/span><\/h4>\n<p><span style=\"color: #000000;\">Estas l\u00edneas de cr\u00e9dito est\u00e1n enmarcadas en las pol\u00edticas del Gobierno de la Provincia, a trav\u00e9s del Ministerio de Econom\u00eda, dentro del <strong>Mendoza Activa<\/strong> y el <strong>Programa Enlace<\/strong>. <\/span><\/p>\n<p><span style=\"color: #000000;\">El <a href=\"https:\/\/ticketsform.mendoza.gov.ar\/ticketsform\/servlet\/responderformulario?MENDOZA_EMPRENDE_SEMILLA\"><strong>Programa Mendoza Emprende Semilla<\/strong><\/a> est\u00e1 orientado a peque\u00f1os emprendedores que est\u00e9 iniciando, ya sea referido a la agricultura, el comercio o la industria: &#8216;<strong><em>La primera convocatoria cierra este s\u00e1bado y por eso pretendemos que General Alvear no quede afuera del sistema y la gente se inscriba de manera online a estos cr\u00e9ditos de hasta 250 mil pesos. Es importante que sepan que el 40% no se devuelve, es decir que en caso de tomar el total del cr\u00e9dito hay 100 mil pesos que no se devuelven y el resto se devuelve con una tasa de inter\u00e9s anual del 12% en pesos, en 24 meses, con 6 meses de gracia<\/em><\/strong>&#8216;, explic\u00f3 Edgar Rodr\u00edguez.<\/span><\/p>\n<div id=\"attachment_99511\" style=\"width: 238px\" class=\"wp-caption alignleft\"><a style=\"color: #000000;\" href=\"http:\/\/vinasfm.com\/noticias\/wp-content\/uploads\/2021\/10\/Programa-Mendoza-Emprende-Semilla-4-scaled.jpg\"><img loading=\"lazy\" decoding=\"async\" aria-describedby=\"caption-attachment-99511\" class=\" wp-image-99511\" src=\"http:\/\/vinasfm.com\/noticias\/wp-content\/uploads\/2021\/10\/Programa-Mendoza-Emprende-Semilla-4-scaled.jpg\" alt=\"\" width=\"238\" height=\"158\" srcset=\"https:\/\/vinasfm.com\/noticias\/wp-content\/uploads\/2021\/10\/Programa-Mendoza-Emprende-Semilla-4-scaled.jpg 2560w, https:\/\/vinasfm.com\/noticias\/wp-content\/uploads\/2021\/10\/Programa-Mendoza-Emprende-Semilla-4-300x200.jpg 300w, https:\/\/vinasfm.com\/noticias\/wp-content\/uploads\/2021\/10\/Programa-Mendoza-Emprende-Semilla-4-1024x683.jpg 1024w, https:\/\/vinasfm.com\/noticias\/wp-content\/uploads\/2021\/10\/Programa-Mendoza-Emprende-Semilla-4-768x512.jpg 768w, https:\/\/vinasfm.com\/noticias\/wp-content\/uploads\/2021\/10\/Programa-Mendoza-Emprende-Semilla-4-1536x1024.jpg 1536w, https:\/\/vinasfm.com\/noticias\/wp-content\/uploads\/2021\/10\/Programa-Mendoza-Emprende-Semilla-4-2048x1365.jpg 2048w\" sizes=\"auto, (max-width: 238px) 100vw, 238px\" \/><\/a><p id=\"caption-attachment-99511\" class=\"wp-caption-text\"><span style=\"color: #000000;\">Presentaci\u00f3n en el Cine Antonio Lafalla.<\/span><\/p><\/div>\n<p><span style=\"color: #000000;\">En cuanto a los requisitos, solo se necesita estar inscripto en <strong>AFIP<\/strong> y<strong> AT<\/strong>M, con cualquier tipo de monotributo, ya sea social o responsable inscripto, adem\u00e1s pueden participar personas f\u00edsicas como jur\u00eddicas, no se solicitar\u00e1 habilitaci\u00f3n municipal, si <strong>se pedir\u00e1 un presupuesto de lo que quiere invertir el postulante, el DNI escaneado, CBU<\/strong>, y un <strong>video de 30 segundos explicando el emprendimiento<\/strong>, m\u00e1s u<strong>n garante con bono de sueldo<\/strong>.<\/span><\/p>\n<p><span style=\"color: #000000;\">La convocatoria culmina el d\u00eda s\u00e1bado y los datos pueden cargarse hasta 24 hs antes del cierre: &#8216;<strong><em>El objetivo es que todos los departamentos tengan las mismas posibilidades y por eso se busc\u00f3 que fuera de manera online<\/em><\/strong>&#8216;, subray\u00f3 Rodr\u00edguez.<\/span><\/p>\n<p><span style=\"color: #000000;\">Es importante destacar que en el mes de noviembre se abrir\u00e1 nuevamente la convocatoria: &#8216;<strong><em>Hay que tener en cuenta que hay un monto asignado, no hay cupos por departamento ni por actividad, por lo tanto quien m\u00e1s avance va a tener m\u00e1s cr\u00e9ditos<\/em><\/strong>&#8216;. <\/span><\/p>\n<p><span style=\"color: #000000;\">Otro dato importante es que ya se present\u00f3 la nueva <strong>Ley del Mendoza Activa III<\/strong>, con un fondeo y un financiamiento para el reintegro a las distintas actividades econ\u00f3micas de <strong>20 mil millones de pesos<\/strong>, por lo tanto vamos a tener continuidad entre el que se est\u00e1 transitando en este momento y el pr\u00f3ximo programa.<\/span><\/p>\n<p><span style=\"color: #000000;\">Este cr\u00e9dito no tiene restricciones, por lo que un agricultor puede acceder a este programa y a la vez a agroqu\u00edmicos, que en el caso del Mendoza Activa no est\u00e1 permitido: &#8216;<strong><em>Es un cr\u00e9dito muy blando, con parte subsidiada, meses de gracia, y con solo un garante con bono de sueldo bajo<\/em><\/strong>&#8216;, agreg\u00f3 el funcionario.<\/span><\/p>\n<p><span style=\"color: #000000;\">En cuanto al <strong>Mendoza Activa<\/strong>, los rubros contemplados son m\u00e1s de 20, y van desde el comercio, la industria, la agroindustria, la ganader\u00eda y construcci\u00f3n entre otros.<\/span><\/p>\n<h5><span style=\"color: #000000;\">\u2022F.B.<\/span><\/h5>\n","protected":false},"excerpt":{"rendered":"<p>En la ma\u00f1ana de este mi\u00e9rcoles se present\u00f3 el Programa Mendoza Emprende Semilla, orientado a peque\u00f1os emprendedores que est\u00e9n iniciando, ya &#8230;<\/p>\n","protected":false},"author":8,"featured_media":99510,"comment_status":"open","ping_status":"open","sticky":false,"template":"","format":"standard","meta":{"footnotes":""},"categories":[5,16],"tags":[],"class_list":["post-99509","post","type-post","status-publish","format-standard","has-post-thumbnail","hentry","category-actualidad","category-economia"],"_links":{"self":[{"href":"https:\/\/vinasfm.com\/noticias\/wp-json\/wp\/v2\/posts\/99509","targetHints":{"allow":["GET"]}}],"collection":[{"href":"https:\/\/vinasfm.com\/noticias\/wp-json\/wp\/v2\/posts"}],"about":[{"href":"https:\/\/vinasfm.com\/noticias\/wp-json\/wp\/v2\/types\/post"}],"author":[{"embeddable":true,"href":"https:\/\/vinasfm.com\/noticias\/wp-json\/wp\/v2\/users\/8"}],"replies":[{"embeddable":true,"href":"https:\/\/vinasfm.com\/noticias\/wp-json\/wp\/v2\/comments?post=99509"}],"version-history":[{"count":5,"href":"https:\/\/vinasfm.com\/noticias\/wp-json\/wp\/v2\/posts\/99509\/revisions"}],"predecessor-version":[{"id":99658,"href":"https:\/\/vinasfm.com\/noticias\/wp-json\/wp\/v2\/posts\/99509\/revisions\/99658"}],"wp:featuredmedia":[{"embeddable":true,"href":"https:\/\/vinasfm.com\/noticias\/wp-json\/wp\/v2\/media\/99510"}],"wp:attachment":[{"href":"https:\/\/vinasfm.com\/noticias\/wp-json\/wp\/v2\/media?parent=99509"}],"wp:term":[{"taxonomy":"category","embeddable":true,"href":"https:\/\/vinasfm.com\/noticias\/wp-json\/wp\/v2\/categories?post=99509"},{"taxonomy":"post_tag","embeddable":true,"href":"https:\/\/vinasfm.com\/noticias\/wp-json\/wp\/v2\/tags?post=99509"}],"curies":[{"name":"wp","href":"https:\/\/api.w.org\/{rel}","templated":true}]}}