{"id":99317,"date":"2021-10-19T00:34:13","date_gmt":"2021-10-19T03:34:13","guid":{"rendered":"http:\/\/vinasfm.com\/noticias\/?p=99317"},"modified":"2021-10-19T10:47:54","modified_gmt":"2021-10-19T13:47:54","slug":"bajan-las-temperaturas-hacia-el-fin-de-semana-por-el-impacto-la-nina","status":"publish","type":"post","link":"https:\/\/vinasfm.com\/noticias\/bajan-las-temperaturas-hacia-el-fin-de-semana-por-el-impacto-la-nina\/","title":{"rendered":"C\u00d3MO IMPACTAR\u00c1 EN EL TIEMPO EL INGRESO DEL FEN\u00d3MENO &#8216;LA NI\u00d1A&#8217; EN LA REGI\u00d3N"},"content":{"rendered":"<h4><strong><span style=\"color: #000000;\">Para esta segunda quincena del mes de octubre se esperan los primeros impactos de &#8216;La Ni\u00f1a&#8217;, implica disminuci\u00f3n de lluvias y gran variabilidad t\u00e9rmica, la disminuci\u00f3n del volumen de lluvia marcara irregularidades en las temperaturas.<\/span><\/strong><\/h4>\n<p><span style=\"color: #000000;\">Este impacto afectara a la mayor parte del pa\u00eds, implica una importante disminuci\u00f3n de la lluvia, una disminuci\u00f3n del volumen a lo largo de esta quincena, las temperaturas ser\u00e1n inferior a lo normal por m\u00e1s que se muestren en aumento mientras transcurre la semana.<\/span><\/p>\n<h4><span style=\"color: #000000;\"><strong>As\u00ed ser\u00e1n estar\u00e1 el tiempo durante esta semana:<\/strong><\/span><\/h4>\n<p><span style=\"color: #000000;\">Hoy<strong> lunes<\/strong>\u00a0tendremos buen tiempo con ascenso de la temperatura, vientos moderados del noreste. M\u00e1xima de 26\u00baC y m\u00ednima de 10\u00baC.<\/span><\/p>\n<p><span style=\"color: #000000;\">Ma\u00f1ana <strong>martes<\/strong>,\u00a0tiempo bueno con ascenso de la temperatura, vientos moderados del noreste. M\u00e1xima de 29\u00baC y m\u00ednima de 12\u00baC.<\/span><\/p>\n<p><span style=\"color: #000000;\">Para el <strong>mi\u00e9rcoles<\/strong>, cielo algo nublado con poco cambio de la temperatura, vientos moderados del noreste. M\u00e1xima de 30\u00baC y m\u00ednimas de 14\u00baC.<\/span><\/p>\n<p><span style=\"color: #000000;\">El d\u00eda<strong> jueves<\/strong>, cielo con nubosidad variable y probabilidades de tormentas aisladas por la noche, leve descenso de la temperatura. M\u00e1xima 29\u00baC y m\u00ednimas de 16\u00baC.<\/span><\/p>\n<p><span style=\"color: #000000;\">Para el d\u00eda <strong>viernes<\/strong>, cielo parcialmente nublado e inestable con descenso de la temperatura. M\u00e1xima de 26\u00baC y m\u00ednimas de 14\u00baC.<\/span><\/p>\n","protected":false},"excerpt":{"rendered":"<p>Para esta segunda quincena del mes de octubre se esperan los primeros impactos de &#8216;La Ni\u00f1a&#8217;, implica disminuci\u00f3n de lluvias y &#8230;<\/p>\n","protected":false},"author":7,"featured_media":43538,"comment_status":"open","ping_status":"open","sticky":false,"template":"","format":"standard","meta":{"footnotes":""},"categories":[5,36],"tags":[],"class_list":["post-99317","post","type-post","status-publish","format-standard","has-post-thumbnail","hentry","category-actualidad","category-pronostico"],"_links":{"self":[{"href":"https:\/\/vinasfm.com\/noticias\/wp-json\/wp\/v2\/posts\/99317","targetHints":{"allow":["GET"]}}],"collection":[{"href":"https:\/\/vinasfm.com\/noticias\/wp-json\/wp\/v2\/posts"}],"about":[{"href":"https:\/\/vinasfm.com\/noticias\/wp-json\/wp\/v2\/types\/post"}],"author":[{"embeddable":true,"href":"https:\/\/vinasfm.com\/noticias\/wp-json\/wp\/v2\/users\/7"}],"replies":[{"embeddable":true,"href":"https:\/\/vinasfm.com\/noticias\/wp-json\/wp\/v2\/comments?post=99317"}],"version-history":[{"count":8,"href":"https:\/\/vinasfm.com\/noticias\/wp-json\/wp\/v2\/posts\/99317\/revisions"}],"predecessor-version":[{"id":99346,"href":"https:\/\/vinasfm.com\/noticias\/wp-json\/wp\/v2\/posts\/99317\/revisions\/99346"}],"wp:featuredmedia":[{"embeddable":true,"href":"https:\/\/vinasfm.com\/noticias\/wp-json\/wp\/v2\/media\/43538"}],"wp:attachment":[{"href":"https:\/\/vinasfm.com\/noticias\/wp-json\/wp\/v2\/media?parent=99317"}],"wp:term":[{"taxonomy":"category","embeddable":true,"href":"https:\/\/vinasfm.com\/noticias\/wp-json\/wp\/v2\/categories?post=99317"},{"taxonomy":"post_tag","embeddable":true,"href":"https:\/\/vinasfm.com\/noticias\/wp-json\/wp\/v2\/tags?post=99317"}],"curies":[{"name":"wp","href":"https:\/\/api.w.org\/{rel}","templated":true}]}}