{"id":99040,"date":"2021-10-13T23:51:21","date_gmt":"2021-10-14T02:51:21","guid":{"rendered":"http:\/\/vinasfm.com\/noticias\/?p=99040"},"modified":"2021-10-14T12:58:48","modified_gmt":"2021-10-14T15:58:48","slug":"el-intendente-presento-a-tania-rocasalvo-nueva-asesora-de-discapacidad","status":"publish","type":"post","link":"https:\/\/vinasfm.com\/noticias\/el-intendente-presento-a-tania-rocasalvo-nueva-asesora-de-discapacidad\/","title":{"rendered":"DESIGNARON A TANIA ROCASALVO COMO NUEVA ASESORA DE DISCAPACIDAD"},"content":{"rendered":"<h4><span style=\"color: #000000;\"><strong>El intendente design\u00f3 a la Lic. Tania Rocasalvo como nueva Asesora de Discapacidad de General Alvear en lugar de Roberto Castillo, quien accedi\u00f3 al retiro por jubilaci\u00f3n.<\/strong><\/span><\/h4>\n<p><span style=\"color: #000000;\">En di\u00e1logo con <strong>F.M. VI\u00d1AS<\/strong>, el<strong> Intendente Walter Marcolini <\/strong>explic\u00f3:\u00a0<em><strong>&#8216;Tenemos la enorme expectativa de incorporar una mujer joven que tiene experiencia en el tema y esperamos que desde ahora en m\u00e1s una nueva etapa en la asesor\u00eda junto a todo el equipo que viene trabajando, es un equipo con mucho conocimiento y con mucha labor social&#8217;.<\/strong><\/em><\/span><\/p>\n<p><span style=\"color: #000000;\"><em><strong>&#8216;Esperamos est\u00e1 una nueva etapa en un sector tan sensible de nuestra comunidad y d\u00f3nde hay much\u00edsimo trabajo para hacer y d\u00f3nde se vienen realizando muchas actividades&#8217;, <\/strong><\/em>remarc\u00f3 el jefe comunal.<\/span><\/p>\n<p><span style=\"color: #000000;\">Por su parte <strong>Tania Rocasalvo,<\/strong>\u00a0quien ya comenz\u00f3 a desarrollar sus actividades como <em><strong>Asesora de Discapacidad<\/strong><\/em> del municipio sostuvo:<strong><em> &#8216;Estuve trabajando varios a\u00f1os en centros de salud d\u00f3nde se ven muchas patolog\u00edas neurol\u00f3gicas y me sumo al equipo con muchas expectativas, muy contenta y ya hay actividades para realizar pr\u00f3ximamente&#8217;.<\/em><\/strong><\/span><\/p>\n<p><span style=\"color: #000000;\"><em><strong>&#8216;Ahora me estoy adaptando, viendo c\u00f3mo se est\u00e1n manejando y est\u00e1n trabajando muy bien chicos, estoy conociendo como como trabajan como es la din\u00e1mica, charle, me estuvieron comentando y me estar\u00e9 adaptando en estos d\u00edas&#8217;<\/strong><\/em>, agreg\u00f3 al final la Lic. Tania Rocasalvo.<\/span><\/p>\n<p><span style=\"color: #000000;\">Se tienen programadas actividades como una <em><strong>charla para acompa\u00f1ar a la familia de los ni\u00f1os con autismo<\/strong> <\/em>a cargo del <strong><em>Dr. Ruggeri<\/em><\/strong>, la <em><strong>primera el d\u00eda 23 de octubre<\/strong><\/em> y la <em><strong>segunda el d\u00eda 20 de noviembre se llevar\u00e1n a cabo en el Cine Teatro Antonio Lafalla<\/strong><\/em> y el <em><strong>d\u00eda domingo 31 de octubre llevar\u00e1 a cabo una barrileteada a nivel mundial para visibilizar la neurodiversidad<\/strong><\/em>.<\/span><\/p>\n","protected":false},"excerpt":{"rendered":"<p>El intendente design\u00f3 a la Lic. Tania Rocasalvo como nueva Asesora de Discapacidad de General Alvear en lugar de Roberto Castillo, &#8230;<\/p>\n","protected":false},"author":7,"featured_media":99057,"comment_status":"open","ping_status":"open","sticky":false,"template":"","format":"standard","meta":{"footnotes":""},"categories":[5,10],"tags":[],"class_list":["post-99040","post","type-post","status-publish","format-standard","has-post-thumbnail","hentry","category-actualidad","category-destacadas"],"_links":{"self":[{"href":"https:\/\/vinasfm.com\/noticias\/wp-json\/wp\/v2\/posts\/99040","targetHints":{"allow":["GET"]}}],"collection":[{"href":"https:\/\/vinasfm.com\/noticias\/wp-json\/wp\/v2\/posts"}],"about":[{"href":"https:\/\/vinasfm.com\/noticias\/wp-json\/wp\/v2\/types\/post"}],"author":[{"embeddable":true,"href":"https:\/\/vinasfm.com\/noticias\/wp-json\/wp\/v2\/users\/7"}],"replies":[{"embeddable":true,"href":"https:\/\/vinasfm.com\/noticias\/wp-json\/wp\/v2\/comments?post=99040"}],"version-history":[{"count":9,"href":"https:\/\/vinasfm.com\/noticias\/wp-json\/wp\/v2\/posts\/99040\/revisions"}],"predecessor-version":[{"id":99074,"href":"https:\/\/vinasfm.com\/noticias\/wp-json\/wp\/v2\/posts\/99040\/revisions\/99074"}],"wp:featuredmedia":[{"embeddable":true,"href":"https:\/\/vinasfm.com\/noticias\/wp-json\/wp\/v2\/media\/99057"}],"wp:attachment":[{"href":"https:\/\/vinasfm.com\/noticias\/wp-json\/wp\/v2\/media?parent=99040"}],"wp:term":[{"taxonomy":"category","embeddable":true,"href":"https:\/\/vinasfm.com\/noticias\/wp-json\/wp\/v2\/categories?post=99040"},{"taxonomy":"post_tag","embeddable":true,"href":"https:\/\/vinasfm.com\/noticias\/wp-json\/wp\/v2\/tags?post=99040"}],"curies":[{"name":"wp","href":"https:\/\/api.w.org\/{rel}","templated":true}]}}