{"id":99030,"date":"2021-10-13T23:59:06","date_gmt":"2021-10-14T02:59:06","guid":{"rendered":"http:\/\/vinasfm.com\/noticias\/?p=99030"},"modified":"2021-10-14T10:47:27","modified_gmt":"2021-10-14T13:47:27","slug":"vialidad-provincial-zona-sur-avanza-con-el-asfaltado-de-calle-g","status":"publish","type":"post","link":"https:\/\/vinasfm.com\/noticias\/vialidad-provincial-zona-sur-avanza-con-el-asfaltado-de-calle-g\/","title":{"rendered":"VIALIDAD PROVINCIAL ZONA SUR AVANZA CON EL ASFALTADO DE CALLE G"},"content":{"rendered":"<h4><span style=\"color: #000000;\"><strong>V\u00edctor \u00c1lvarez, Consejero Zona Sur de DPV, brind\u00f3 detalles sobre las tareas de asfaltado que se llevan adelante en Calle G, entre Ruta 143 y Calle 7. Este martes se comenz\u00f3 con la imprimaci\u00f3n, por lo que se recomienda a los vecinos prever los cuidados para llevar adelante las tareas debido a la utilizaci\u00f3n de maquinaria pesada. <\/strong><\/span><\/h4>\n<p><span style=\"color: #000000;\">Las tareas en <strong>Calle G<\/strong> avanzan, en esta ocasi\u00f3n se realiz\u00f3 la imprimaci\u00f3n, que es parte de la <strong>segunda etapa del proceso de asfaltado<\/strong>. Se espera que en esta semana salga la licitaci\u00f3n para la carpeta, cuyos fondos ya est\u00e1n asignados para esta arteria.<\/span><\/p>\n<div id=\"attachment_99031\" style=\"width: 275px\" class=\"wp-caption alignleft\"><a href=\"http:\/\/vinasfm.com\/noticias\/wp-content\/uploads\/2021\/10\/Trabajos-de-Asfaltado-en-Calle-G-10-scaled.jpg\"><img loading=\"lazy\" decoding=\"async\" aria-describedby=\"caption-attachment-99031\" class=\" wp-image-99031\" src=\"http:\/\/vinasfm.com\/noticias\/wp-content\/uploads\/2021\/10\/Trabajos-de-Asfaltado-en-Calle-G-10-scaled.jpg\" alt=\"\" width=\"275\" height=\"155\" srcset=\"https:\/\/vinasfm.com\/noticias\/wp-content\/uploads\/2021\/10\/Trabajos-de-Asfaltado-en-Calle-G-10-scaled.jpg 2560w, https:\/\/vinasfm.com\/noticias\/wp-content\/uploads\/2021\/10\/Trabajos-de-Asfaltado-en-Calle-G-10-300x169.jpg 300w, https:\/\/vinasfm.com\/noticias\/wp-content\/uploads\/2021\/10\/Trabajos-de-Asfaltado-en-Calle-G-10-1024x576.jpg 1024w, https:\/\/vinasfm.com\/noticias\/wp-content\/uploads\/2021\/10\/Trabajos-de-Asfaltado-en-Calle-G-10-768x432.jpg 768w, https:\/\/vinasfm.com\/noticias\/wp-content\/uploads\/2021\/10\/Trabajos-de-Asfaltado-en-Calle-G-10-1536x864.jpg 1536w, https:\/\/vinasfm.com\/noticias\/wp-content\/uploads\/2021\/10\/Trabajos-de-Asfaltado-en-Calle-G-10-2048x1152.jpg 2048w, https:\/\/vinasfm.com\/noticias\/wp-content\/uploads\/2021\/10\/Trabajos-de-Asfaltado-en-Calle-G-10-750x420.jpg 750w, https:\/\/vinasfm.com\/noticias\/wp-content\/uploads\/2021\/10\/Trabajos-de-Asfaltado-en-Calle-G-10-1140x641.jpg 1140w\" sizes=\"auto, (max-width: 275px) 100vw, 275px\" \/><\/a><p id=\"caption-attachment-99031\" class=\"wp-caption-text\">Victor \u00c1lvarez, Ignacio Castro y Walther Marcolini.<\/p><\/div>\n<p><span style=\"color: #000000;\">El <strong>Consejero Zona Sur de DPV<\/strong> destac\u00f3 que <strong>pronto se ver\u00e1 finalizado el asfalto de esta importante calle<\/strong>, que ser\u00e1 una <strong>v\u00eda alternativa para la carga pesada sin necesidad de que ingrese al \u00e9jido urbano<\/strong>. <\/span><\/p>\n<p><span style=\"color: #000000;\">En cuanto a las tareas realizadas, \u00c1lvarez destac\u00f3 que <strong>se incorporaron 5000 metros c\u00fabicos de material,<\/strong> y a trav\u00e9s de un convenio con la Municipalidad a contraprestaci\u00f3n de la maquinaria que trabaja en el radio c\u00e9ntrico, <strong>se realizaron las alcantarillas por un presupuesto de 1.400.000 pesos<\/strong>, en otros sectores se ampli\u00f3 la calzada para que correspondiera con el ancho que necesita este lugar, y se hicieron intervenciones para quitar el agua que se juntaba en la zona. <\/span><\/p>\n<p><span style=\"color: #000000;\">&#8216;<strong><em>Es una obra muy bien preparada t\u00e9cnicamente y que se va a poder disfrutar pronto. Si el clima no nos complica, este martes terminaremos la imprimaci\u00f3n y en cuanto al asfalto, esperamos incorporar la carpeta en el mes de noviembre o diciembre<\/em><\/strong>&#8216;, explic\u00f3 \u00c1lvarez, quien agreg\u00f3 que luego contin\u00faa el proceso de pintura. <\/span><\/p>\n<p><span style=\"color: #000000;\">En cuanto a la <strong>calle 10<\/strong>, se espera que est\u00e9 finalizado el microaglomerado para el d\u00eda viernes si es que el clima acompa\u00f1a, ya la pr\u00f3xima semana comenzar\u00edan las tareas de pintado. <\/span><\/p>\n<p><span style=\"color: #000000;\">Adem\u00e1s ma\u00f1ana ingresan equipos de Mendoza con pintura donde se realizar\u00e1n bandas sonoras en arterias complicadas para el tr\u00e1nsito, escuelas y pasos peatonales: \u201c<strong><em>Este es un pedido que se consensu\u00f3 con el intendente Walther Marcolini y que se concret\u00f3 finalmente para los vecinos. Podemos adelantar que seguimos trabajando en la Diagonal Jorge Sim\u00f3n, a pedido del intendente<\/em><\/strong>\u201d. <\/span><\/p>\n<p><span style=\"color: #000000;\">Por \u00faltimo, V\u00edctor \u00c1lvarez <strong>solicit\u00f3 precauci\u00f3n a la hora de circular por las arterias donde se est\u00e1 trabajando<\/strong>, tal es el caso de calle G, para no alterar el trabajo que se est\u00e1 realizando.<\/span><\/p>\n<h5><span style=\"color: #000000;\">\u2022F.B.<\/span><\/h5>\n","protected":false},"excerpt":{"rendered":"<p>V\u00edctor \u00c1lvarez, Consejero Zona Sur de DPV, brind\u00f3 detalles sobre las tareas de asfaltado que se llevan adelante en Calle G, &#8230;<\/p>\n","protected":false},"author":8,"featured_media":99033,"comment_status":"open","ping_status":"open","sticky":false,"template":"","format":"standard","meta":{"footnotes":""},"categories":[5,79],"tags":[],"class_list":["post-99030","post","type-post","status-publish","format-standard","has-post-thumbnail","hentry","category-actualidad","category-vialidad"],"_links":{"self":[{"href":"https:\/\/vinasfm.com\/noticias\/wp-json\/wp\/v2\/posts\/99030","targetHints":{"allow":["GET"]}}],"collection":[{"href":"https:\/\/vinasfm.com\/noticias\/wp-json\/wp\/v2\/posts"}],"about":[{"href":"https:\/\/vinasfm.com\/noticias\/wp-json\/wp\/v2\/types\/post"}],"author":[{"embeddable":true,"href":"https:\/\/vinasfm.com\/noticias\/wp-json\/wp\/v2\/users\/8"}],"replies":[{"embeddable":true,"href":"https:\/\/vinasfm.com\/noticias\/wp-json\/wp\/v2\/comments?post=99030"}],"version-history":[{"count":2,"href":"https:\/\/vinasfm.com\/noticias\/wp-json\/wp\/v2\/posts\/99030\/revisions"}],"predecessor-version":[{"id":99160,"href":"https:\/\/vinasfm.com\/noticias\/wp-json\/wp\/v2\/posts\/99030\/revisions\/99160"}],"wp:featuredmedia":[{"embeddable":true,"href":"https:\/\/vinasfm.com\/noticias\/wp-json\/wp\/v2\/media\/99033"}],"wp:attachment":[{"href":"https:\/\/vinasfm.com\/noticias\/wp-json\/wp\/v2\/media?parent=99030"}],"wp:term":[{"taxonomy":"category","embeddable":true,"href":"https:\/\/vinasfm.com\/noticias\/wp-json\/wp\/v2\/categories?post=99030"},{"taxonomy":"post_tag","embeddable":true,"href":"https:\/\/vinasfm.com\/noticias\/wp-json\/wp\/v2\/tags?post=99030"}],"curies":[{"name":"wp","href":"https:\/\/api.w.org\/{rel}","templated":true}]}}