{"id":98974,"date":"2021-10-12T11:43:54","date_gmt":"2021-10-12T14:43:54","guid":{"rendered":"http:\/\/vinasfm.com\/noticias\/?p=98974"},"modified":"2021-10-13T11:38:21","modified_gmt":"2021-10-13T14:38:21","slug":"26-de-julio-y-mitre-escenario-de-un-nuevo-accidente-de-transito","status":"publish","type":"post","link":"https:\/\/vinasfm.com\/noticias\/26-de-julio-y-mitre-escenario-de-un-nuevo-accidente-de-transito\/","title":{"rendered":"26 DE JULIO Y MITRE, ESCENARIO DE UN NUEVO ACCIDENTE DE TR\u00c1NSITO"},"content":{"rendered":"<h4><strong>En horas de la ma\u00f1ana de este lunes una camioneta y un veh\u00edculo protagonizaron un accidente de tr\u00e1nsito en el cruce de calles 26 de Julio y Mites, en Ciudad.<\/strong><\/h4>\n<p>Consultados por <strong>F.M. VI\u00d1AS<\/strong>, autoridades policiales confirmaron que <strong>el siniestro se produjo a las 11:20hs<\/strong> cuando <strong>camioneta marca Jeep Gladiator impact\u00f3 contra el carro<\/strong>, cargado con desperdicios de carne, <strong>enganchado a un veh\u00edculo Peugeot 207<\/strong>.<\/p>\n<p>El veh\u00edculo <strong>circulaba por Mitre el direcci\u00f3n al oeste<\/strong> al mando de un hombre de 41 a\u00f1os quien al intentar cruzar la intersecci\u00f3n fue <strong>impactado por la camioneta que transitaba hacia el norte por 26 de Julio<\/strong>, conducida por un hombre de 72 a\u00f1os.<\/p>\n<p>Producto de la colisi\u00f3n,<strong> el contenido del carro qued\u00f3 desparramado en la v\u00eda p\u00fablica y la vereda<\/strong>. Pro su parte, <strong>los conductores intervinientes resultaron ilesos<\/strong>.<\/p>\n<p>En el escenario del hecho trabaj\u00f3 personal de Polic\u00eda Cient\u00edfica realizando las medidas de rigor junto a Polic\u00eda Vial. Se labraron actuaciones en Comisar\u00eda 14\u00b0 bajo instrucci\u00f3n de la Unidad Fiscal de General Alvear.<\/p>\n<h5>\u2022F.B. (F.M. Vi\u00f1as).<\/h5>\n","protected":false},"excerpt":{"rendered":"<p>En horas de la ma\u00f1ana de este lunes una camioneta y un veh\u00edculo protagonizaron un accidente de tr\u00e1nsito en el cruce &#8230;<\/p>\n","protected":false},"author":8,"featured_media":98976,"comment_status":"open","ping_status":"open","sticky":false,"template":"","format":"standard","meta":{"footnotes":""},"categories":[5,4],"tags":[],"class_list":["post-98974","post","type-post","status-publish","format-standard","has-post-thumbnail","hentry","category-actualidad","category-policiales"],"_links":{"self":[{"href":"https:\/\/vinasfm.com\/noticias\/wp-json\/wp\/v2\/posts\/98974","targetHints":{"allow":["GET"]}}],"collection":[{"href":"https:\/\/vinasfm.com\/noticias\/wp-json\/wp\/v2\/posts"}],"about":[{"href":"https:\/\/vinasfm.com\/noticias\/wp-json\/wp\/v2\/types\/post"}],"author":[{"embeddable":true,"href":"https:\/\/vinasfm.com\/noticias\/wp-json\/wp\/v2\/users\/8"}],"replies":[{"embeddable":true,"href":"https:\/\/vinasfm.com\/noticias\/wp-json\/wp\/v2\/comments?post=98974"}],"version-history":[{"count":1,"href":"https:\/\/vinasfm.com\/noticias\/wp-json\/wp\/v2\/posts\/98974\/revisions"}],"predecessor-version":[{"id":98981,"href":"https:\/\/vinasfm.com\/noticias\/wp-json\/wp\/v2\/posts\/98974\/revisions\/98981"}],"wp:featuredmedia":[{"embeddable":true,"href":"https:\/\/vinasfm.com\/noticias\/wp-json\/wp\/v2\/media\/98976"}],"wp:attachment":[{"href":"https:\/\/vinasfm.com\/noticias\/wp-json\/wp\/v2\/media?parent=98974"}],"wp:term":[{"taxonomy":"category","embeddable":true,"href":"https:\/\/vinasfm.com\/noticias\/wp-json\/wp\/v2\/categories?post=98974"},{"taxonomy":"post_tag","embeddable":true,"href":"https:\/\/vinasfm.com\/noticias\/wp-json\/wp\/v2\/tags?post=98974"}],"curies":[{"name":"wp","href":"https:\/\/api.w.org\/{rel}","templated":true}]}}