{"id":98962,"date":"2021-10-12T23:00:32","date_gmt":"2021-10-13T02:00:32","guid":{"rendered":"http:\/\/vinasfm.com\/noticias\/?p=98962"},"modified":"2021-10-13T11:38:47","modified_gmt":"2021-10-13T14:38:47","slug":"desde-hoy-podra-hacerse-en-alvear-el-estudio-psicofisico-para-obtener-la-licencia-de-conducir-profesional","status":"publish","type":"post","link":"https:\/\/vinasfm.com\/noticias\/desde-hoy-podra-hacerse-en-alvear-el-estudio-psicofisico-para-obtener-la-licencia-de-conducir-profesional\/","title":{"rendered":"YA PUEDE HACERSE EN ALVEAR EL ESTUDIO PSICOF\u00cdSICO PARA OBTENER LA LICENCIA DE CONDUCIR PROFESIONAL"},"content":{"rendered":"<h4><span style=\"color: #000000;\"><strong>Desde este martes, los conductores que deben renovar o tramitar por primera vez la licencia de conducir profesional podr\u00e1n realizar los ex\u00e1menes psicof\u00edsicos en Alvear en el Centro M\u00e9dico Laboral (CEMEL).<\/strong><\/span><\/h4>\n<div id=\"attachment_90869\" style=\"width: 263px\" class=\"wp-caption alignleft\"><a style=\"color: #000000;\" href=\"http:\/\/vinasfm.com\/noticias\/wp-content\/uploads\/2021\/06\/158816457_2133590320105273_6999165037935961226_n.jpg\"><img loading=\"lazy\" decoding=\"async\" aria-describedby=\"caption-attachment-90869\" class=\" wp-image-90869\" src=\"http:\/\/vinasfm.com\/noticias\/wp-content\/uploads\/2021\/06\/158816457_2133590320105273_6999165037935961226_n.jpg\" alt=\"\" width=\"263\" height=\"175\" srcset=\"https:\/\/vinasfm.com\/noticias\/wp-content\/uploads\/2021\/06\/158816457_2133590320105273_6999165037935961226_n.jpg 960w, https:\/\/vinasfm.com\/noticias\/wp-content\/uploads\/2021\/06\/158816457_2133590320105273_6999165037935961226_n-300x200.jpg 300w, https:\/\/vinasfm.com\/noticias\/wp-content\/uploads\/2021\/06\/158816457_2133590320105273_6999165037935961226_n-768x512.jpg 768w\" sizes=\"auto, (max-width: 263px) 100vw, 263px\" \/><\/a><p id=\"caption-attachment-90869\" class=\"wp-caption-text\"><span style=\"color: #000000;\">Concejal Mabel Ucelli.<\/span><\/p><\/div>\n<p><span style=\"color: #000000;\">La impulsora y gestora del arribo de CEMEL al departamento es la <strong>concejal Mabel Uccelli (UCR)<\/strong> quien a ra\u00edz de pedidos por parte de conductores encuadrados en esta categor\u00eda deb\u00edan viajar a San Rafael para cumplir con este requisito: &#8216;<strong><em>Despu\u00e9s de contactarnos con diferentes empresas y buscar soluci\u00f3n a este reclamo que ven\u00edan realizando un amplio sector de trabajadores del transporte, hoy abre sus puertas este centro m\u00e9dico que suplir\u00e1 la demanda en el departamento y zonas aleda\u00f1as<\/em><\/strong>&#8216;, destac\u00f3 en di\u00e1logo con <strong>F.M. VI\u00d1AS<\/strong> la concejal.<\/span><\/p>\n<p><span style=\"color: #000000;\">&#8216;<strong><em>Con esto, los conductores ahorrar\u00e1n gastos y tiempo<\/em><\/strong>&#8216;, subray\u00f3 Ucceli, quien en la misma l\u00ednea explic\u00f3 que este servicio beneficiar\u00e1 a &#8216;<strong><em>conductores del \u00e1mbito p\u00fablico como hospital, polic\u00eda y reparticiones municipales y del \u00e1mbito privado como el transporte de pasajeros y camiones<\/em><\/strong>&#8216;.<\/span><\/p>\n<p><span style=\"color: #000000;\">En este sentido, la edil resalt\u00f3 que el arribo de esta empresa, ubicada en <strong>Corrientes 316<\/strong>, tambi\u00e9n beneficia directamente a la econom\u00eda local ya que &#8216;<strong><em>CEMEL contrat\u00f3 gente de Alvear, con convenios para profesionales locales y lo que conlleva la instalaci\u00f3n del local<\/em><\/strong>&#8216;.\u00a0<\/span><\/p>\n<h5><span style=\"color: #000000;\">\u2022F.B.<\/span><\/h5>\n","protected":false},"excerpt":{"rendered":"<p>Desde este martes, los conductores que deben renovar o tramitar por primera vez la licencia de conducir profesional podr\u00e1n realizar los &#8230;<\/p>\n","protected":false},"author":8,"featured_media":76229,"comment_status":"open","ping_status":"open","sticky":false,"template":"","format":"standard","meta":{"footnotes":""},"categories":[5,10],"tags":[],"class_list":["post-98962","post","type-post","status-publish","format-standard","has-post-thumbnail","hentry","category-actualidad","category-destacadas"],"_links":{"self":[{"href":"https:\/\/vinasfm.com\/noticias\/wp-json\/wp\/v2\/posts\/98962","targetHints":{"allow":["GET"]}}],"collection":[{"href":"https:\/\/vinasfm.com\/noticias\/wp-json\/wp\/v2\/posts"}],"about":[{"href":"https:\/\/vinasfm.com\/noticias\/wp-json\/wp\/v2\/types\/post"}],"author":[{"embeddable":true,"href":"https:\/\/vinasfm.com\/noticias\/wp-json\/wp\/v2\/users\/8"}],"replies":[{"embeddable":true,"href":"https:\/\/vinasfm.com\/noticias\/wp-json\/wp\/v2\/comments?post=98962"}],"version-history":[{"count":5,"href":"https:\/\/vinasfm.com\/noticias\/wp-json\/wp\/v2\/posts\/98962\/revisions"}],"predecessor-version":[{"id":99046,"href":"https:\/\/vinasfm.com\/noticias\/wp-json\/wp\/v2\/posts\/98962\/revisions\/99046"}],"wp:featuredmedia":[{"embeddable":true,"href":"https:\/\/vinasfm.com\/noticias\/wp-json\/wp\/v2\/media\/76229"}],"wp:attachment":[{"href":"https:\/\/vinasfm.com\/noticias\/wp-json\/wp\/v2\/media?parent=98962"}],"wp:term":[{"taxonomy":"category","embeddable":true,"href":"https:\/\/vinasfm.com\/noticias\/wp-json\/wp\/v2\/categories?post=98962"},{"taxonomy":"post_tag","embeddable":true,"href":"https:\/\/vinasfm.com\/noticias\/wp-json\/wp\/v2\/tags?post=98962"}],"curies":[{"name":"wp","href":"https:\/\/api.w.org\/{rel}","templated":true}]}}