{"id":98946,"date":"2021-10-11T22:06:13","date_gmt":"2021-10-12T01:06:13","guid":{"rendered":"http:\/\/vinasfm.com\/noticias\/?p=98946"},"modified":"2021-10-12T20:57:03","modified_gmt":"2021-10-12T23:57:03","slug":"hubo-precios-record-en-el-remate-de-la-40-fiesta-nacional-de-la-ganaderia","status":"publish","type":"post","link":"https:\/\/vinasfm.com\/noticias\/hubo-precios-record-en-el-remate-de-la-40-fiesta-nacional-de-la-ganaderia\/","title":{"rendered":"HUBO PRECIOS R\u00c9CORD EN EL REMATE DE LA 40\u00b0 FIESTA NACIONAL DE LA GANADER\u00cdA"},"content":{"rendered":"<h4><strong><span style=\"color: #000000;\">En la 40\u00b0 Fiesta Nacional de la Ganader\u00eda de Zonas \u00c1ridas hubo una buena cantidad y calidad en el remate, con precios r\u00e9cord pagados por los compradores que llegaron desde distintos puntos del pa\u00eds.<\/span><\/strong><\/h4>\n<p><span style=\"color: #000000;\">En el marco del remate que se llev\u00f3 a cabo en esta edici\u00f3n de la <strong>Fiesta Nacional de la Ganader\u00eda, Juan Carlos Pinto, representante en General Alvear de Aguirre V\u00e1zquez S.A. resalt\u00f3 el trabajo de los productores<\/strong>. Y <strong>en di\u00e1logo con FM Vi\u00f1as<\/strong>, manifest\u00f3: <em><strong>\u00abHemos juntado buena cantidad y calidad, que es para premiarlos porque a\u00f1o tras a\u00f1o hay mejor gen\u00e9tica\u00bb<\/strong><\/em>.<\/span><\/p>\n<p><span style=\"color: #000000;\">Pese a eso, el representante de una de las firmas que organizan el remate, coment\u00f3: <em><strong>\u00abHay mucho laburo detr\u00e1s de esto. Hace 15 o 20 d\u00edas que no paro de andar en los campos, y la verdad que cuesta porque no es momento de hacer una feria de la Ganader\u00eda\u00bb<\/strong><\/em>. Y sobre esta necesidad de los productores de volver a la tradicional fecha de mayo, justific\u00f3: <em><strong>\u00abEn la hacienda empieza con la parici\u00f3n este mes, y durante noviembre y diciembre. Entonces en esta fecha no hay terneros, hay que buscarlos con lupas\u00bb.<\/strong><\/em><\/span><\/p>\n<p><span style=\"color: #000000;\"><strong>Con compradores que llegaron desde Rosario, Arrecifes (Buenos Aires), Lincoln (Buenos Aires) y Eduardo Castex (La Pampa)<\/strong>, seg\u00fan destac\u00f3 el representante de Aguirre V\u00e1zquez en Alvear, <strong>se vendieron 1.000 de las 1.100 cabezas ingresadas<\/strong>. Y estos fueron los precios del remate con r\u00e9cord en las distintas categor\u00edas:<\/span><\/p>\n<h4><strong><span style=\"color: #000000;\">Terneros\/as Invernada:<\/span><\/strong><\/h4>\n<ul>\n<li><span style=\"color: #000000;\">De 80 a 130 kg: entre $260 y $360 promedio $280\/290.<\/span><\/li>\n<li><span style=\"color: #000000;\">De 140 a 160 kg: entre $240 y 270. Corriente $250\/55.<\/span><\/li>\n<li><span style=\"color: #000000;\">De 170 a 200 kg: entre $230 y $270. Promedio 240.<\/span><\/li>\n<li><span style=\"color: #000000;\">De 210 a 240 kg: entre $220 y $ 235<\/span><\/li>\n<\/ul>\n<h4><strong><span style=\"color: #000000;\">Vacas invernada:<\/span><\/strong><\/h4>\n<ul>\n<li><span style=\"color: #000000;\">Entre $120 y $160, corriente $135\/40.<\/span><\/li>\n<\/ul>\n<h4><strong><span style=\"color: #000000;\">Cr\u00eda:<\/span><\/strong><\/h4>\n<ul>\n<li><span style=\"color: #000000;\">Vaquillonas coloradas de 360 kg P.C. para servicio $ 100.000<\/span><\/li>\n<li><span style=\"color: #000000;\">Vaquillonas de 260 kg coloradas en $ 62.000<\/span><\/li>\n<li><span style=\"color: #000000;\">Vacas pre\u00f1adas usadas: $50.000 a $55.000<\/span><\/li>\n<li><span style=\"color: #000000;\">Vacas pre\u00f1adas nuevas: $70.000<\/span><\/li>\n<li><span style=\"color: #000000;\">Toritos reproductores, nuevos, de 1 a\u00f1o, entre $140.000 y $150.000<\/span><\/li>\n<\/ul>\n<h4><strong><span style=\"color: #000000;\">Faena:<\/span><\/strong><\/h4>\n<ul>\n<li><span style=\"color: #000000;\">Toros faena: entre $115 y $140<\/span><\/li>\n<\/ul>\n<h5><span style=\"color: #000000;\"><strong>\u2022L.A.<\/strong><\/span><\/h5>\n","protected":false},"excerpt":{"rendered":"<p>En la 40\u00b0 Fiesta Nacional de la Ganader\u00eda de Zonas \u00c1ridas hubo una buena cantidad y calidad en el remate, con &#8230;<\/p>\n","protected":false},"author":7,"featured_media":98953,"comment_status":"open","ping_status":"open","sticky":false,"template":"","format":"standard","meta":{"footnotes":""},"categories":[5,24],"tags":[],"class_list":["post-98946","post","type-post","status-publish","format-standard","has-post-thumbnail","hentry","category-actualidad","category-ganaderia"],"_links":{"self":[{"href":"https:\/\/vinasfm.com\/noticias\/wp-json\/wp\/v2\/posts\/98946","targetHints":{"allow":["GET"]}}],"collection":[{"href":"https:\/\/vinasfm.com\/noticias\/wp-json\/wp\/v2\/posts"}],"about":[{"href":"https:\/\/vinasfm.com\/noticias\/wp-json\/wp\/v2\/types\/post"}],"author":[{"embeddable":true,"href":"https:\/\/vinasfm.com\/noticias\/wp-json\/wp\/v2\/users\/7"}],"replies":[{"embeddable":true,"href":"https:\/\/vinasfm.com\/noticias\/wp-json\/wp\/v2\/comments?post=98946"}],"version-history":[{"count":4,"href":"https:\/\/vinasfm.com\/noticias\/wp-json\/wp\/v2\/posts\/98946\/revisions"}],"predecessor-version":[{"id":98954,"href":"https:\/\/vinasfm.com\/noticias\/wp-json\/wp\/v2\/posts\/98946\/revisions\/98954"}],"wp:featuredmedia":[{"embeddable":true,"href":"https:\/\/vinasfm.com\/noticias\/wp-json\/wp\/v2\/media\/98953"}],"wp:attachment":[{"href":"https:\/\/vinasfm.com\/noticias\/wp-json\/wp\/v2\/media?parent=98946"}],"wp:term":[{"taxonomy":"category","embeddable":true,"href":"https:\/\/vinasfm.com\/noticias\/wp-json\/wp\/v2\/categories?post=98946"},{"taxonomy":"post_tag","embeddable":true,"href":"https:\/\/vinasfm.com\/noticias\/wp-json\/wp\/v2\/tags?post=98946"}],"curies":[{"name":"wp","href":"https:\/\/api.w.org\/{rel}","templated":true}]}}