{"id":98744,"date":"2021-10-07T01:25:22","date_gmt":"2021-10-07T04:25:22","guid":{"rendered":"http:\/\/vinasfm.com\/noticias\/?p=98744"},"modified":"2021-10-08T09:04:17","modified_gmt":"2021-10-08T12:04:17","slug":"reencuentro-alvear-ya-disfruta-la-fiesta-nacional-de-la-ganaderia","status":"publish","type":"post","link":"https:\/\/vinasfm.com\/noticias\/reencuentro-alvear-ya-disfruta-la-fiesta-nacional-de-la-ganaderia\/","title":{"rendered":"REENCUENTRO: ALVEAR YA DISFRUTA LA 40\u00b0 FIESTA NACIONAL DE LA GANADER\u00cdA"},"content":{"rendered":"<h4><span style=\"color: #000000;\"><strong>Este mi\u00e9rcoles qued\u00f3 inaugurada oficialmente la 40\u00b0 Fiesta Nacional de la Ganader\u00eda marcando el regreso de un calendario festivo en Mendoza con la masiva presencia del p\u00fablico, luego de un a\u00f1o y medio de restricciones a causa del coronavirus.<\/strong><\/span><\/h4>\n<p><span style=\"color: #000000;\">Hasta el domingo el evento m\u00e1s grande del oeste argentino ofrecer\u00e1 una interrelaci\u00f3n de muestras y actividades <strong>comerciales<\/strong>, <strong>espect\u00e1culos art\u00edsticos, patio de comidas y bebidas, jornadas t\u00e9cnicas ganaderas y tambi\u00e9n de turismo rural, remate y destrezas criollas<\/strong>.<\/span><\/p>\n<p><span style=\"color: #000000;\">Luego del discurso inaugural del <strong>Intendente Walther Marcolini<\/strong> y de la <strong>Embajadora Nacional de la Ganaderia, Sofia Kairuz<\/strong>, se procedi\u00f3 al <strong>corte de cinta<\/strong> permitiendo el ingreso de decenas de vecinos y turistas que comenzaron a recorrer las instalaciones del predio ferial y disfrutar de las actividades propuestas.<\/span><\/p>\n<p><span style=\"color: #000000;\">La presencia de <strong>funcionarios, concejales, referentes pol\u00edticos y representantes de distintas entidades<\/strong> form\u00f3 parte de la primera noche y como es habitual <strong>F.M. VI\u00d1AS<\/strong>, <strong>la radio de la fiesta<\/strong>, inici\u00f3 la cobertura del evento que incluy\u00f3 el di\u00e1logo con las distintas personalidades presentes.\u00a0<\/span><\/p>\n<p><a href=\"http:\/\/vinasfm.com\/noticias\/wp-content\/uploads\/2021\/10\/IMG-20211007-WA0001.jpg\"><img loading=\"lazy\" decoding=\"async\" class=\"aligncenter wp-image-98747 size-full\" src=\"http:\/\/vinasfm.com\/noticias\/wp-content\/uploads\/2021\/10\/IMG-20211007-WA0001.jpg\" alt=\"\" width=\"1024\" height=\"682\" srcset=\"https:\/\/vinasfm.com\/noticias\/wp-content\/uploads\/2021\/10\/IMG-20211007-WA0001.jpg 1024w, https:\/\/vinasfm.com\/noticias\/wp-content\/uploads\/2021\/10\/IMG-20211007-WA0001-300x200.jpg 300w, https:\/\/vinasfm.com\/noticias\/wp-content\/uploads\/2021\/10\/IMG-20211007-WA0001-768x512.jpg 768w\" sizes=\"auto, (max-width: 1024px) 100vw, 1024px\" \/><\/a><\/p>\n<p><span style=\"color: #000000;\">El <strong>Presidente del Honorable Concejo Deliberante, Jose Mor\u00e1n<\/strong>, expres\u00f3: &#8216;<strong><em>Estamos contentos viviendo una nueva edici\u00f3n de la fiesta de la ganader\u00eda. Es una fiesta que hoy por hoy est\u00e1bamos ansiosos de vivirla y disfrutarla. Todos los alvearenses est\u00e1bamos con la incertidumbre si iba a realizarse o no pero afortunadamente ya es una realidad<\/em><\/strong>&#8216;, y en la misma linea adelant\u00f3: &#8216;<strong><em>Estamos esperando a los referentes pol\u00edticos de provincia y naci\u00f3n que seguramente van a estar compartiendo con nosotros y vamos a poder disfrutar de cada uno de ellos<\/em><\/strong>&#8216;.<\/span><\/p>\n<p><span style=\"color: #000000;\">Por otra parte, el <strong>Secretario de Gobierno Jos\u00e9 Vilches<\/strong> manifest\u00f3: &#8216;<strong><em>Como dec\u00edan las autoridades, hace unos meses atr\u00e1s era impensable y en este momento hemos podido controlar un poco la pandemia y estamos en una quietud que esperamos se mantenga en el tiempo. Esperamos tener un verano en el que podamos compartir con nuestros vecinos, con nuestros amigos, con nuestras familias y este tipo de eventos<\/em><\/strong>&#8216;, se\u00f1al\u00f3. En este sentido destac\u00f3 esta nueva edici\u00f3n donde &#8216;<strong><em>el productor agropecuario va a poder mostrar sus productos al igual que la gente de los stand<\/em><\/strong>&#8216;.<\/span><\/p>\n<p><span style=\"color: #000000;\">El concejal por el Frente de Todos <strong>Homero Diberardino<\/strong> reconoci\u00f3: &#8216;<strong><em>Estamos contentos de volver a reencontrarnos. Apoyamos estas actividades que se llevan adelante<\/em><\/strong>&#8216;. Su compa\u00f1ero de bancada <strong>Ariel Andr\u00e9s<\/strong> sum\u00f3: &#8216;<strong><em>Gracias a Dios tenemos m\u00e1s de la mitad de la poblaci\u00f3n Argentina con dos vacunas, seg\u00fan datos recientes, permitiendo que esto sea posible. Destaco el esfuerzo de la C\u00e1mara de Comercio para organizar esta fiesta que es de todos los alvearenses por lo que la tenemos que cuidar y apoyar para que Alvear siga proyect\u00e1ndose al pa\u00eds<\/em><\/strong>&#8216;.<\/span><\/p>\n<p><a href=\"http:\/\/vinasfm.com\/noticias\/wp-content\/uploads\/2021\/10\/IMG-20211007-WA0003-1.jpg\"><img loading=\"lazy\" decoding=\"async\" class=\"aligncenter wp-image-98752 size-full\" src=\"http:\/\/vinasfm.com\/noticias\/wp-content\/uploads\/2021\/10\/IMG-20211007-WA0003-1.jpg\" alt=\"\" width=\"1024\" height=\"682\" srcset=\"https:\/\/vinasfm.com\/noticias\/wp-content\/uploads\/2021\/10\/IMG-20211007-WA0003-1.jpg 1024w, https:\/\/vinasfm.com\/noticias\/wp-content\/uploads\/2021\/10\/IMG-20211007-WA0003-1-300x200.jpg 300w, https:\/\/vinasfm.com\/noticias\/wp-content\/uploads\/2021\/10\/IMG-20211007-WA0003-1-768x512.jpg 768w\" sizes=\"auto, (max-width: 1024px) 100vw, 1024px\" \/><\/a><\/p>\n<p><span style=\"color: #000000;\">Por el <strong>Bloque Frente Cambia Mendoza, Mabel Uccelli\u00a0<\/strong>manifest\u00f3: &#8216;<strong><em>Hace unos d\u00edas atr\u00e1s no pens\u00e1bamos estar hoy ac\u00e1 juntos de manera presencial. La verdad que vemos la alegr\u00eda de la gente que quiere volver a esta normalidad<\/em><\/strong>&#8216;.<\/span><\/p>\n<p><span style=\"color: #000000;\">La Fiesta de por si es excusa suficiente para visitar General Alvear, sin embargo este a\u00f1o se da que est\u00e1 dentro de un fin de semana extra largo lo que potenci\u00f3 a\u00fan m\u00e1s la presencia de turistas y el lleno ser\u00e1 total: &#8216;<strong><em>El comentario de la gente que tiene alojamientos es que ha desbordado la cantidad de turista que han llegado al departamento. Hay varios eventos hasta el domingo y la verdad que es beneficioso para la econom\u00eda local<\/em><\/strong>&#8216;, coment\u00f3 la edil.<\/span><\/p>\n<p><span style=\"color: #000000;\">Asimismo, el concejal <strong>Pablo Longo\u00a0<\/strong>remarc\u00f3: &#8216;<strong><em>Luego de pasar momentos tan tristes y complicados, dif\u00edciles en lo sanitario, en lo econ\u00f3mico es muy bueno poder reencontrarnos y que Alvear vuelva a estar en vidriera con mucha gente que nos va a visitar, que viene a recorrer este predio por estos 4 d\u00edas<\/em><\/strong>&#8216;.<\/span><\/p>\n<p><span style=\"color: #000000;\">Quien tambi\u00e9n ponder\u00f3 la fiesta ganadera fue el <strong>Senador Provincial Leonardo Vi\u00f1olo<\/strong>: &#8216;<strong><em>Sin dudas la gente est\u00e1 esperando y con muchas ganas de poder volver a vivir est\u00e1s situaciones. Hay muchas expectativas de los expositores, las empresas y las industrias que vienen a mostrarnos maquinarias y veh\u00edculos del sector y de la expo comercial<\/em><\/strong>&#8216;. <\/span><\/p>\n<p><span style=\"color: #000000;\">&#8216;<strong><em>Creemos que va a ser un \u00e9xito y ojal\u00e1 nos acompa\u00f1e el tiempo para disfrutar y pasarlo de la mejor manera. Tenemos que seguir apostando a esta fiesta que es el fruto del trabajo de muchos a\u00f1os<\/em><\/strong>&#8216;, concluy\u00f3.<\/span><\/p>\n<h5><span style=\"color: #000000;\">\u2022F.B. (F.M. Vi\u00f1as).<\/span><\/h5>\n","protected":false},"excerpt":{"rendered":"<p>Este mi\u00e9rcoles qued\u00f3 inaugurada oficialmente la 40\u00b0 Fiesta Nacional de la Ganader\u00eda marcando el regreso de un calendario festivo en Mendoza &#8230;<\/p>\n","protected":false},"author":8,"featured_media":98753,"comment_status":"open","ping_status":"open","sticky":false,"template":"","format":"standard","meta":{"footnotes":""},"categories":[5,28],"tags":[],"class_list":["post-98744","post","type-post","status-publish","format-standard","has-post-thumbnail","hentry","category-actualidad","category-fiesta-nacional-de-la-ganaderia"],"_links":{"self":[{"href":"https:\/\/vinasfm.com\/noticias\/wp-json\/wp\/v2\/posts\/98744","targetHints":{"allow":["GET"]}}],"collection":[{"href":"https:\/\/vinasfm.com\/noticias\/wp-json\/wp\/v2\/posts"}],"about":[{"href":"https:\/\/vinasfm.com\/noticias\/wp-json\/wp\/v2\/types\/post"}],"author":[{"embeddable":true,"href":"https:\/\/vinasfm.com\/noticias\/wp-json\/wp\/v2\/users\/8"}],"replies":[{"embeddable":true,"href":"https:\/\/vinasfm.com\/noticias\/wp-json\/wp\/v2\/comments?post=98744"}],"version-history":[{"count":4,"href":"https:\/\/vinasfm.com\/noticias\/wp-json\/wp\/v2\/posts\/98744\/revisions"}],"predecessor-version":[{"id":98755,"href":"https:\/\/vinasfm.com\/noticias\/wp-json\/wp\/v2\/posts\/98744\/revisions\/98755"}],"wp:featuredmedia":[{"embeddable":true,"href":"https:\/\/vinasfm.com\/noticias\/wp-json\/wp\/v2\/media\/98753"}],"wp:attachment":[{"href":"https:\/\/vinasfm.com\/noticias\/wp-json\/wp\/v2\/media?parent=98744"}],"wp:term":[{"taxonomy":"category","embeddable":true,"href":"https:\/\/vinasfm.com\/noticias\/wp-json\/wp\/v2\/categories?post=98744"},{"taxonomy":"post_tag","embeddable":true,"href":"https:\/\/vinasfm.com\/noticias\/wp-json\/wp\/v2\/tags?post=98744"}],"curies":[{"name":"wp","href":"https:\/\/api.w.org\/{rel}","templated":true}]}}