{"id":98675,"date":"2021-10-06T07:37:52","date_gmt":"2021-10-06T10:37:52","guid":{"rendered":"http:\/\/vinasfm.com\/noticias\/?p=98675"},"modified":"2021-10-06T09:19:54","modified_gmt":"2021-10-06T12:19:54","slug":"heladas-piden-declarar-emergencia-y-desastre-agropecuario-en-el-sur","status":"publish","type":"post","link":"https:\/\/vinasfm.com\/noticias\/heladas-piden-declarar-emergencia-y-desastre-agropecuario-en-el-sur\/","title":{"rendered":"HELADAS: PIDEN DECLARAR EMERGENCIA Y DESASTRE AGROPECUARIO EN EL SUR"},"content":{"rendered":"<h4><strong><span style=\"color: #000000;\">Durante las \u00faltimas horas se registr\u00f3 un fen\u00f3meno de heladas tard\u00edas en el Sur provincial que puede haber afectado significativamente a los cultivos. Es que entre el 3 y el 4 de octubre se registraron varias temperaturas bajo cero en\u00a0<\/span><\/strong><strong style=\"line-height: 24px;\"><span style=\"color: #000000;\">General Alvear y\u00a0<\/span><\/strong><strong style=\"line-height: 1.5;\"><span style=\"color: #000000;\">San Rafael.<\/span><\/strong><\/h4>\n<p><span style=\"color: #000000;\">Los n\u00fameros marcan que en Real del Padre el term\u00f3metro baj\u00f3 hasta los -4,1, mientras que en Las Paredes y General Alvear se lleg\u00f3 a -3, en La Escandinava -2,7, en Bowen -2,5 entre otros.<\/span><\/p>\n<p><span style=\"color: #000000;\">En este marco, en las \u00faltimas horas ingres\u00f3 a la Legislatura provincial un pedido para declarar en situaci\u00f3n de emergencia y desastre agropecuario a las fincas del Sur provincial afectadas por el fen\u00f3meno.<\/span><\/p>\n<p><span style=\"color: #000000;\">&#8216;<strong><em>En estos dos d\u00edas el cambio clim\u00e1tico azot\u00f3 a los productores una vez m\u00e1s con heladas que rondaron entre los 2 y 3 grados bajo cero, repercutiendo as\u00ed de manera directa sobre los cultivos de la vid principalmente, pero tambi\u00e9n sobre otros frutales de carozo<\/em><\/strong>&#8216;, explica el proyecto.<\/span><\/p>\n<p><span style=\"color: #000000;\">Sobre los da\u00f1os sufridos por los cultivos indica que &#8216;<strong><em>los perjuicios sufridos en raz\u00f3n de dichas heladas presentan una entidad de tal gravedad que merecen la declaraci\u00f3n de emergencia o desastre agropecuario a los fines de sostener y apoyar a nuestros productores en momentos desventajosos como \u00e9stos<\/em><\/strong>&#8216;.<\/span><\/p>\n<p><span style=\"color: #000000;\">&#8216;<strong><em>Nuestros productores vienen desde hace tiempo cargando con otros perjuicios que influyen en el desarrollo productivo de nuestra provincia como lo son la falta de agua para riego y la baja rentabilidad, con riesgo cierto de llegar pr\u00e1cticamente a la nula producci\u00f3n en los diferentes sectores de la provincia<\/em><\/strong>&#8216;, concluye la iniciativa.<\/span><\/p>\n","protected":false},"excerpt":{"rendered":"<p>Durante las \u00faltimas horas se registr\u00f3 un fen\u00f3meno de heladas tard\u00edas en el Sur provincial que puede haber afectado significativamente a &#8230;<\/p>\n","protected":false},"author":8,"featured_media":97353,"comment_status":"open","ping_status":"open","sticky":false,"template":"","format":"standard","meta":{"footnotes":""},"categories":[5,14],"tags":[],"class_list":["post-98675","post","type-post","status-publish","format-standard","has-post-thumbnail","hentry","category-actualidad","category-agro"],"_links":{"self":[{"href":"https:\/\/vinasfm.com\/noticias\/wp-json\/wp\/v2\/posts\/98675","targetHints":{"allow":["GET"]}}],"collection":[{"href":"https:\/\/vinasfm.com\/noticias\/wp-json\/wp\/v2\/posts"}],"about":[{"href":"https:\/\/vinasfm.com\/noticias\/wp-json\/wp\/v2\/types\/post"}],"author":[{"embeddable":true,"href":"https:\/\/vinasfm.com\/noticias\/wp-json\/wp\/v2\/users\/8"}],"replies":[{"embeddable":true,"href":"https:\/\/vinasfm.com\/noticias\/wp-json\/wp\/v2\/comments?post=98675"}],"version-history":[{"count":1,"href":"https:\/\/vinasfm.com\/noticias\/wp-json\/wp\/v2\/posts\/98675\/revisions"}],"predecessor-version":[{"id":98676,"href":"https:\/\/vinasfm.com\/noticias\/wp-json\/wp\/v2\/posts\/98675\/revisions\/98676"}],"wp:attachment":[{"href":"https:\/\/vinasfm.com\/noticias\/wp-json\/wp\/v2\/media?parent=98675"}],"wp:term":[{"taxonomy":"category","embeddable":true,"href":"https:\/\/vinasfm.com\/noticias\/wp-json\/wp\/v2\/categories?post=98675"},{"taxonomy":"post_tag","embeddable":true,"href":"https:\/\/vinasfm.com\/noticias\/wp-json\/wp\/v2\/tags?post=98675"}],"curies":[{"name":"wp","href":"https:\/\/api.w.org\/{rel}","templated":true}]}}