{"id":98659,"date":"2021-10-06T08:57:07","date_gmt":"2021-10-06T11:57:07","guid":{"rendered":"http:\/\/vinasfm.com\/noticias\/?p=98659"},"modified":"2021-10-07T01:25:09","modified_gmt":"2021-10-07T04:25:09","slug":"todo-listo-para-el-comienzo-de-la-40-edicion-de-la-fiesta-nacional-de-la-ganaderia","status":"publish","type":"post","link":"https:\/\/vinasfm.com\/noticias\/todo-listo-para-el-comienzo-de-la-40-edicion-de-la-fiesta-nacional-de-la-ganaderia\/","title":{"rendered":"ANDR\u00c9S VAVRIK: &#8216;EST\u00c1 TODO LISTO PARA VIVIR LA FIESTA M\u00c1S GRANDE DEL OESTE ARGENTINO&#8217;"},"content":{"rendered":"<h4><span style=\"color: #000000;\"><strong>Desde este mi\u00e9rcoles 6 y hasta el domingo 10 de octubre se desarrollar\u00e1 la 40\u00b0 edici\u00f3n de la Fiesta Nacional de la Ganader\u00eda de Zonas \u00c1ridas, evento que contar\u00e1 con un abanico de actividades agro-ganaderas, art\u00edsticas, tradicionalistas, t\u00e9cnico-educativas, comerciales y solidarias en un contexto particular no solo por \u00e9poca at\u00edpica sino por el fuerte contenido pol\u00edtico, propio de la previa de las Elecciones Legislativas 2021.<\/strong><\/span><\/h4>\n<p><span style=\"color: #000000;\">La C\u00e1mara de Comercio liderando la organizaci\u00f3n de una las fiestas m\u00e1s importantes del oeste argentino termin\u00f3 de ultimar los detalles para que esta mantenga su la esencia: &#8216;<strong><em>Tenemos todo listo para arrancar con mucho entusiasmo para que a partir de las 20h cuando el Intendente Walther Marcolini corte la cinta podamos empezar a vivir la Fiesta desde este mi\u00e9rcoles hasta el domingo<\/em><\/strong>&#8216;, explic\u00f3 el dialogo con <strong>F.M. VI\u00d1AS<\/strong> el <strong>Presidente de la entidad, Andr\u00e9s Vavrik, <\/strong>quien reiter\u00f3 la invitaci\u00f3n a todos los alvearenses a disfrutar de las propuestas pensadas en esta edici\u00f3n.<\/span><\/p>\n<p><span style=\"color: #000000;\">Haciendo hincapi\u00e9 en el ingreso, Vavrik se\u00f1al\u00f3 que &#8216;<strong><em>los d\u00edas mi\u00e9rcoles y jueves la entrada es sin costo mientras que desde el viernes a las 18hs hasta domingo la entrada tendr\u00e1 un costo m\u00ednimo, pensado para que todos puedan asistir<\/em><\/strong>&#8216;, y en la misma l\u00ednea subray\u00f3 &#8216;<strong><em>el ingreso a la Pe\u00f1a de la Fiesta ser\u00e1 gratis todas las noches recordando que este a\u00f1o ser\u00e1 al aire libre donde adem\u00e1s habr\u00e1 food truck todo el d\u00eda<\/em><\/strong>&#8216;.<\/span><\/p>\n<p><span style=\"color: #000000;\">Consultado sobre las actividades ganaderas y tradicionalistas, el presidente de la C\u00e1mara manifest\u00f3: &#8216;<strong><em>Con la misma entrada al predio la gente podr\u00e1 disfrutar el domingo del Festival de Destrezas Criollas mientras que el acto ganadero est\u00e1 preparado. Se premiar\u00e1 terneras, vaquillonas de recr\u00eda y vientres, pese a que no es \u00e9poca de terneros mostraremos la gen\u00e9tica local<\/em><\/strong>&#8216;.<\/span><\/p>\n<p><a href=\"http:\/\/vinasfm.com\/noticias\/wp-content\/uploads\/2021\/10\/9b7c0452-9c2a-4c95-9063-14d3be8f4a6c.jpg\"><img loading=\"lazy\" decoding=\"async\" class=\" wp-image-98662 aligncenter\" src=\"http:\/\/vinasfm.com\/noticias\/wp-content\/uploads\/2021\/10\/9b7c0452-9c2a-4c95-9063-14d3be8f4a6c-300x211.jpg\" alt=\"\" width=\"731\" height=\"514\" srcset=\"https:\/\/vinasfm.com\/noticias\/wp-content\/uploads\/2021\/10\/9b7c0452-9c2a-4c95-9063-14d3be8f4a6c-300x211.jpg 300w, https:\/\/vinasfm.com\/noticias\/wp-content\/uploads\/2021\/10\/9b7c0452-9c2a-4c95-9063-14d3be8f4a6c-1024x721.jpg 1024w, https:\/\/vinasfm.com\/noticias\/wp-content\/uploads\/2021\/10\/9b7c0452-9c2a-4c95-9063-14d3be8f4a6c-768x541.jpg 768w, https:\/\/vinasfm.com\/noticias\/wp-content\/uploads\/2021\/10\/9b7c0452-9c2a-4c95-9063-14d3be8f4a6c.jpg 1241w\" sizes=\"auto, (max-width: 731px) 100vw, 731px\" \/><\/a><\/p>\n<p>&nbsp;<\/p>\n<h5><\/h5>\n<h5><a href=\"http:\/\/vinasfm.com\/noticias\/wp-content\/uploads\/2021\/10\/5e9cfc3f-82a5-4c3b-913c-c9af50c99b6d.jpg\"><img loading=\"lazy\" decoding=\"async\" class=\" wp-image-98660 aligncenter\" src=\"http:\/\/vinasfm.com\/noticias\/wp-content\/uploads\/2021\/10\/5e9cfc3f-82a5-4c3b-913c-c9af50c99b6d-208x300.jpg\" alt=\"\" width=\"645\" height=\"930\" srcset=\"https:\/\/vinasfm.com\/noticias\/wp-content\/uploads\/2021\/10\/5e9cfc3f-82a5-4c3b-913c-c9af50c99b6d-208x300.jpg 208w, https:\/\/vinasfm.com\/noticias\/wp-content\/uploads\/2021\/10\/5e9cfc3f-82a5-4c3b-913c-c9af50c99b6d-711x1024.jpg 711w, https:\/\/vinasfm.com\/noticias\/wp-content\/uploads\/2021\/10\/5e9cfc3f-82a5-4c3b-913c-c9af50c99b6d-768x1106.jpg 768w, https:\/\/vinasfm.com\/noticias\/wp-content\/uploads\/2021\/10\/5e9cfc3f-82a5-4c3b-913c-c9af50c99b6d.jpg 889w\" sizes=\"auto, (max-width: 645px) 100vw, 645px\" \/><\/a><\/h5>\n<h5>\u2022F.B. (F.M. Vi\u00f1as).<\/h5>\n","protected":false},"excerpt":{"rendered":"<p>Desde este mi\u00e9rcoles 6 y hasta el domingo 10 de octubre se desarrollar\u00e1 la 40\u00b0 edici\u00f3n de la Fiesta Nacional de &#8230;<\/p>\n","protected":false},"author":8,"featured_media":96820,"comment_status":"open","ping_status":"open","sticky":false,"template":"","format":"standard","meta":{"footnotes":""},"categories":[5,28],"tags":[],"class_list":["post-98659","post","type-post","status-publish","format-standard","has-post-thumbnail","hentry","category-actualidad","category-fiesta-nacional-de-la-ganaderia"],"_links":{"self":[{"href":"https:\/\/vinasfm.com\/noticias\/wp-json\/wp\/v2\/posts\/98659","targetHints":{"allow":["GET"]}}],"collection":[{"href":"https:\/\/vinasfm.com\/noticias\/wp-json\/wp\/v2\/posts"}],"about":[{"href":"https:\/\/vinasfm.com\/noticias\/wp-json\/wp\/v2\/types\/post"}],"author":[{"embeddable":true,"href":"https:\/\/vinasfm.com\/noticias\/wp-json\/wp\/v2\/users\/8"}],"replies":[{"embeddable":true,"href":"https:\/\/vinasfm.com\/noticias\/wp-json\/wp\/v2\/comments?post=98659"}],"version-history":[{"count":7,"href":"https:\/\/vinasfm.com\/noticias\/wp-json\/wp\/v2\/posts\/98659\/revisions"}],"predecessor-version":[{"id":98717,"href":"https:\/\/vinasfm.com\/noticias\/wp-json\/wp\/v2\/posts\/98659\/revisions\/98717"}],"wp:featuredmedia":[{"embeddable":true,"href":"https:\/\/vinasfm.com\/noticias\/wp-json\/wp\/v2\/media\/96820"}],"wp:attachment":[{"href":"https:\/\/vinasfm.com\/noticias\/wp-json\/wp\/v2\/media?parent=98659"}],"wp:term":[{"taxonomy":"category","embeddable":true,"href":"https:\/\/vinasfm.com\/noticias\/wp-json\/wp\/v2\/categories?post=98659"},{"taxonomy":"post_tag","embeddable":true,"href":"https:\/\/vinasfm.com\/noticias\/wp-json\/wp\/v2\/tags?post=98659"}],"curies":[{"name":"wp","href":"https:\/\/api.w.org\/{rel}","templated":true}]}}