{"id":98589,"date":"2021-10-05T23:59:44","date_gmt":"2021-10-06T02:59:44","guid":{"rendered":"http:\/\/vinasfm.com\/noticias\/?p=98589"},"modified":"2021-10-07T01:27:43","modified_gmt":"2021-10-07T04:27:43","slug":"presentaron-el-sarr-2022-que-pasara-por-general-alvear","status":"publish","type":"post","link":"https:\/\/vinasfm.com\/noticias\/presentaron-el-sarr-2022-que-pasara-por-general-alvear\/","title":{"rendered":"PRESENTARON EL SARR 2022 QUE PASAR\u00c1 POR GENERAL ALVEAR"},"content":{"rendered":"<h4><span style=\"color: #000000;\"><strong>Este lunes se present\u00f3 el Southamerican Rally Race, que tendr\u00e1 un tramo por nuestro departamento. El evento se realizar\u00e1 en febrero y General Alvear ser\u00e1 un punto clave, ya que se realizar\u00e1 el d\u00eda de descanso para los pilotos.<\/strong><\/span><\/h4>\n<p><span style=\"color: #000000;\">El <strong>SARR 2022<\/strong> comenzar\u00e1 en el mes de febrero desde La Rioja y <strong>arribar\u00e1 a nuestro departamento el domingo 20 de febrero <\/strong>para que los pilotos tengan un d\u00eda de descanso en General Alvear: \u00ab<strong><em>Tenemos la enorme alegr\u00eda de presentar este evento, cuya organizaci\u00f3n, a trav\u00e9s de Juan Pablo Sisterna, han tenido la deferencia de pensar en nuestro departamento para una actividad principal, que es el d\u00eda de descanso<\/em><\/strong>\u00ab, expres\u00f3 el <strong>intendente Walther Marcolini,<\/strong> quien ponder\u00f3 este evento como fundamental para la promoci\u00f3n tur\u00edstica de General Alvear.<\/span><\/p>\n<div id=\"attachment_98591\" style=\"width: 300px\" class=\"wp-caption alignleft\"><a href=\"http:\/\/vinasfm.com\/noticias\/wp-content\/uploads\/2021\/10\/FB_IMG_1633402348810.jpg\"><img loading=\"lazy\" decoding=\"async\" aria-describedby=\"caption-attachment-98591\" class=\"size-medium wp-image-98591\" src=\"http:\/\/vinasfm.com\/noticias\/wp-content\/uploads\/2021\/10\/FB_IMG_1633402348810-300x200.jpg\" alt=\"\" width=\"300\" height=\"200\" srcset=\"https:\/\/vinasfm.com\/noticias\/wp-content\/uploads\/2021\/10\/FB_IMG_1633402348810-300x200.jpg 300w, https:\/\/vinasfm.com\/noticias\/wp-content\/uploads\/2021\/10\/FB_IMG_1633402348810.jpg 720w\" sizes=\"auto, (max-width: 300px) 100vw, 300px\" \/><\/a><p id=\"caption-attachment-98591\" class=\"wp-caption-text\">Presentaci\u00f3n en la plaza departamental<\/p><\/div>\n<p><span style=\"color: #000000;\">Por su parte <strong>Juan Pablo Sisterna, Director de Organizaci\u00f3n del SARR<\/strong>, dio detalles de lo que se va a vivir en nuestro departamento: \u00ab<strong><em>Van a haber competidores de todo el Pa\u00eds y tambi\u00e9n del extranjero, lo que dar\u00e1 la posibilidad de tener un gran movimiento econ\u00f3mico sin descartar la promoci\u00f3n tur\u00edstica que significa un evento de este tipo<\/em><\/strong>\u00ab. <\/span><\/p>\n<p><span style=\"color: #000000;\">Esta competencia tiene caracter\u00edsticas propias donde compiten <strong>veh\u00edculos off road<\/strong> como <strong>motocicletas<\/strong>, <strong>autos<\/strong>, <strong>cuatriciclos<\/strong> y <strong>UTV<\/strong>, muy similar a lo que fue el paso del Dakar por la regi\u00f3n. Los caminos <strong>recorren rutas, campo traviesa, zonas abiertas, dunas<\/strong> y otros.<\/span><\/p>\n<p><span style=\"color: #000000;\">De esta competencia <strong>participan m\u00e1s de 100 inscriptos de todos los pa\u00edses de Sudam\u00e9rica y Europa<\/strong>, asimismo se espera que se sigan sumando pilotos alcanzando un n\u00famero de <strong>150 veh\u00edculos<\/strong> y un <strong>movimiento de 2500 personas aproximadamente<\/strong>. Es de destacar que muchos de estos pilotos han competido en el Dakar, por lo que son competidores de excelencia.<\/span><\/p>\n<p><span style=\"color: #000000;\">El <strong>Director de Deportes Jer\u00f3nimo Colla<\/strong> demostr\u00f3 su alegr\u00eda por volver a contar con un evento de estas caracter\u00edsticas en el departamento: \u00ab<strong><em>Vamos a tener el Vivac en el polideportivo, aprovechando todos los espacios. Cada CANAV que tuvimos nos ayud\u00f3 a crecer en infraestructura, y esto le da la posibilidad a cada familia alvearense de contar con este espect\u00e1culo a siete cuadras del centro<\/em><\/strong>\u00ab. <\/span><\/p>\n<p><span style=\"color: #000000;\">El <strong>Secretario de Desarrollo Econ\u00f3mico Carlos Ponce<\/strong> se refiri\u00f3 a lo que significa este evento como eje de desarrollo para el departamento: \u00ab<strong><em>Estimamos que esta actividad que se desarrollar\u00e1 durante tres d\u00edas, va a tener un giro comercial de unos 6 millones de pesos para el sector tur\u00edstico, algo muy importante despu\u00e9s de haber tenido una pandemia. Adem\u00e1s de poder promocionar el departamento a nivel nacional e internacional<\/em><\/strong>\u00ab.<\/span><\/p>\n<p><span style=\"color: #000000;\"><strong>Fabiana Gonz\u00e1lez, Directora de Turismo<\/strong>, celebr\u00f3 el hecho de poder tener este importante evento en General Alvear, una actividad que posiciona a General Alvear como una meca del deporte motor: \u00ab<strong><em>Es una excelente noticia para todo el sector tur\u00edstico que est\u00e1 acompa\u00f1ando, porque despu\u00e9s de un a\u00f1o donde se sufri\u00f3 mucho, este es un motivo para festejar y sumar. El SARR va a traer mucha gente a los emprendimientos porque van a ser varios d\u00edas en los que tanto pilotos, como familias van a estar acompa\u00f1ando<\/em><\/strong>\u00ab. <\/span><\/p>\n<p><span style=\"color: #000000;\">La funcionaria tambi\u00e9n remarc\u00f3 la importancia de que el evento se desarrolle de domingo a martes ya que se suma al contexto tur\u00edstico general.<\/span><\/p>\n<h5><span style=\"color: #000000;\">\u2022F.B.<\/span><\/h5>\n","protected":false},"excerpt":{"rendered":"<p>Este lunes se present\u00f3 el Southamerican Rally Race, que tendr\u00e1 un tramo por nuestro departamento. El evento se realizar\u00e1 en febrero &#8230;<\/p>\n","protected":false},"author":8,"featured_media":98590,"comment_status":"open","ping_status":"open","sticky":false,"template":"","format":"standard","meta":{"footnotes":""},"categories":[5,10],"tags":[],"class_list":["post-98589","post","type-post","status-publish","format-standard","has-post-thumbnail","hentry","category-actualidad","category-destacadas"],"_links":{"self":[{"href":"https:\/\/vinasfm.com\/noticias\/wp-json\/wp\/v2\/posts\/98589","targetHints":{"allow":["GET"]}}],"collection":[{"href":"https:\/\/vinasfm.com\/noticias\/wp-json\/wp\/v2\/posts"}],"about":[{"href":"https:\/\/vinasfm.com\/noticias\/wp-json\/wp\/v2\/types\/post"}],"author":[{"embeddable":true,"href":"https:\/\/vinasfm.com\/noticias\/wp-json\/wp\/v2\/users\/8"}],"replies":[{"embeddable":true,"href":"https:\/\/vinasfm.com\/noticias\/wp-json\/wp\/v2\/comments?post=98589"}],"version-history":[{"count":1,"href":"https:\/\/vinasfm.com\/noticias\/wp-json\/wp\/v2\/posts\/98589\/revisions"}],"predecessor-version":[{"id":98592,"href":"https:\/\/vinasfm.com\/noticias\/wp-json\/wp\/v2\/posts\/98589\/revisions\/98592"}],"wp:featuredmedia":[{"embeddable":true,"href":"https:\/\/vinasfm.com\/noticias\/wp-json\/wp\/v2\/media\/98590"}],"wp:attachment":[{"href":"https:\/\/vinasfm.com\/noticias\/wp-json\/wp\/v2\/media?parent=98589"}],"wp:term":[{"taxonomy":"category","embeddable":true,"href":"https:\/\/vinasfm.com\/noticias\/wp-json\/wp\/v2\/categories?post=98589"},{"taxonomy":"post_tag","embeddable":true,"href":"https:\/\/vinasfm.com\/noticias\/wp-json\/wp\/v2\/tags?post=98589"}],"curies":[{"name":"wp","href":"https:\/\/api.w.org\/{rel}","templated":true}]}}