{"id":98512,"date":"2021-10-04T00:10:21","date_gmt":"2021-10-04T03:10:21","guid":{"rendered":"http:\/\/vinasfm.com\/noticias\/?p=98512"},"modified":"2021-10-04T11:04:09","modified_gmt":"2021-10-04T14:04:09","slug":"cooperativa-bajo-club-cuarteto-ecos-inundaron-el-teatro-de-tango","status":"publish","type":"post","link":"https:\/\/vinasfm.com\/noticias\/cooperativa-bajo-club-cuarteto-ecos-inundaron-el-teatro-de-tango\/","title":{"rendered":"COOPERATIVA BAJO CLUB &#038; CUARTETO ECOS INUNDARON EL TEATRO DE TANGO"},"content":{"rendered":"<h4><span style=\"color: #000000;\"><strong>El Cuarteto Ecos y Cooperativa Tango Bajo Club se presentaron este s\u00e1bado en el Teatro Antonio Lafalla para regalar una noche a puro Tango y emoci\u00f3n.<\/strong><\/span><\/h4>\n<p><span style=\"color: #000000;\">Con trece an\u0303os de trayectoria, el <strong>Cuarteto Ecos<\/strong> se ha presentado en diversos Ciclos y Festivales de Mu\u0301sica de ca\u0301mara en su pai\u0301s y en el extranjero. En su m\u00fasica se escuchan <strong>obras originales para cuatro guitarras y arreglos realizados por sus integrantes<\/strong>. <\/span><\/p>\n<p><span style=\"color: #000000;\"><strong>David Bajda<\/strong>, uno de los integrantes expres\u00f3: \u201c<strong><em>Principalmente nos abocamos a la m\u00fasica latinoamericana, y ahora con este nuevo proyecto que es m\u00fasica argentina, principalmente tangos y milongas<\/em><\/strong>\u201d.<\/span><\/p>\n<p><span style=\"color: #000000;\"><strong>Federico Alma,<\/strong> de Cooperativa Bajo Club, se mostr\u00f3 muy conforme con la presentaci\u00f3n, que adem\u00e1s es su primera presentaci\u00f3n con p\u00fablico desde que comenz\u00f3 la pandemia: \u201c<strong><em>Hace tiempo que estamos trabajando, adaptando y readaptando distintas canciones. En este momento, y por el natalicio de Astor Piazzola, estamos haciendo un humilde homenaje adem\u00e1s de encarar obras de la guardia vieja del tango<\/em><\/strong>\u201d.<\/span><\/p>\n<h5><span style=\"color: #000000;\">\u2022F.B.<\/span><\/h5>\n","protected":false},"excerpt":{"rendered":"<p>El Cuarteto Ecos y Cooperativa Tango Bajo Club se presentaron este s\u00e1bado en el Teatro Antonio Lafalla para regalar una noche &#8230;<\/p>\n","protected":false},"author":8,"featured_media":98513,"comment_status":"open","ping_status":"open","sticky":false,"template":"","format":"standard","meta":{"footnotes":""},"categories":[5,19],"tags":[],"class_list":["post-98512","post","type-post","status-publish","format-standard","has-post-thumbnail","hentry","category-actualidad","category-cultura"],"_links":{"self":[{"href":"https:\/\/vinasfm.com\/noticias\/wp-json\/wp\/v2\/posts\/98512","targetHints":{"allow":["GET"]}}],"collection":[{"href":"https:\/\/vinasfm.com\/noticias\/wp-json\/wp\/v2\/posts"}],"about":[{"href":"https:\/\/vinasfm.com\/noticias\/wp-json\/wp\/v2\/types\/post"}],"author":[{"embeddable":true,"href":"https:\/\/vinasfm.com\/noticias\/wp-json\/wp\/v2\/users\/8"}],"replies":[{"embeddable":true,"href":"https:\/\/vinasfm.com\/noticias\/wp-json\/wp\/v2\/comments?post=98512"}],"version-history":[{"count":1,"href":"https:\/\/vinasfm.com\/noticias\/wp-json\/wp\/v2\/posts\/98512\/revisions"}],"predecessor-version":[{"id":98514,"href":"https:\/\/vinasfm.com\/noticias\/wp-json\/wp\/v2\/posts\/98512\/revisions\/98514"}],"wp:featuredmedia":[{"embeddable":true,"href":"https:\/\/vinasfm.com\/noticias\/wp-json\/wp\/v2\/media\/98513"}],"wp:attachment":[{"href":"https:\/\/vinasfm.com\/noticias\/wp-json\/wp\/v2\/media?parent=98512"}],"wp:term":[{"taxonomy":"category","embeddable":true,"href":"https:\/\/vinasfm.com\/noticias\/wp-json\/wp\/v2\/categories?post=98512"},{"taxonomy":"post_tag","embeddable":true,"href":"https:\/\/vinasfm.com\/noticias\/wp-json\/wp\/v2\/tags?post=98512"}],"curies":[{"name":"wp","href":"https:\/\/api.w.org\/{rel}","templated":true}]}}