{"id":98507,"date":"2021-10-04T00:15:27","date_gmt":"2021-10-04T03:15:27","guid":{"rendered":"http:\/\/vinasfm.com\/noticias\/?p=98507"},"modified":"2021-10-04T12:13:00","modified_gmt":"2021-10-04T15:13:00","slug":"dictan-clases-de-tango-salon-en-el-polideportivo","status":"publish","type":"post","link":"https:\/\/vinasfm.com\/noticias\/dictan-clases-de-tango-salon-en-el-polideportivo\/","title":{"rendered":"DICTAN CLASES DE TANGO SAL\u00d3N EN EL POLIDEPORTIVO MUNICIPAL"},"content":{"rendered":"<h4><span style=\"color: #000000;\"><strong>Todos los s\u00e1bados a partir de las 18:30 hs, Juan Pablo Guerrera, est\u00e1 a cargo de las clases de Tango Sal\u00f3n en el polideportivo Deportistas Alvearenses.<\/strong><\/span><\/h4>\n<p><span style=\"color: #000000;\">Los amantes del Tango est\u00e1n de parabienes, es que todos los s\u00e1bados <strong>desde las 18:30 hs<\/strong> en el polideportivo Municipal, se dictan clases de Tango Sal\u00f3n, a cargo del profesor <strong>Juan Pablo Guerrera, <\/strong>quien explic\u00f3: \u00ab<strong><em>Hemos comenzado hace dos fines de semana gracias a la gesti\u00f3n de la Direcci\u00f3n de Cultura y la Direcci\u00f3n de Deportes<\/em><\/strong>\u00ab.<\/span><\/p>\n<p><span style=\"color: #000000;\">Quienes quieran comenzar pueden comunicarse al <strong>2604 645869<\/strong> e inscribirse. Estas clases est\u00e1n destinadas al p\u00fablico en general, desde ni\u00f1os a adultos mayores: \u00ab<strong><em>Se busca que todos participen en el grupo, no hace falta que tengan conocimientos previos, hay muchos chicos que ya saben bailar y otros que nunca han visto nada<\/em><\/strong>\u00ab, subray\u00f3 el profesor.<\/span><\/p>\n<p><span style=\"color: #000000;\">Actualmente <strong>hay 13 parejas<\/strong> que integran el grupo de baile y a\u00fan quedan algunos cupos: \u00ab<strong><em>Los interesados tienen que apurarse porque permanentemente tenemos gente que se incorpora<\/em><\/strong>\u00ab, concluy\u00f3 Guerrera.<\/span><\/p>\n<h5><span style=\"color: #000000;\">\u2022F.B.<\/span><\/h5>\n","protected":false},"excerpt":{"rendered":"<p>Todos los s\u00e1bados a partir de las 18:30 hs, Juan Pablo Guerrera, est\u00e1 a cargo de las clases de Tango Sal\u00f3n &#8230;<\/p>\n","protected":false},"author":8,"featured_media":98508,"comment_status":"open","ping_status":"open","sticky":false,"template":"","format":"standard","meta":{"footnotes":""},"categories":[5,19],"tags":[],"class_list":["post-98507","post","type-post","status-publish","format-standard","has-post-thumbnail","hentry","category-actualidad","category-cultura"],"_links":{"self":[{"href":"https:\/\/vinasfm.com\/noticias\/wp-json\/wp\/v2\/posts\/98507","targetHints":{"allow":["GET"]}}],"collection":[{"href":"https:\/\/vinasfm.com\/noticias\/wp-json\/wp\/v2\/posts"}],"about":[{"href":"https:\/\/vinasfm.com\/noticias\/wp-json\/wp\/v2\/types\/post"}],"author":[{"embeddable":true,"href":"https:\/\/vinasfm.com\/noticias\/wp-json\/wp\/v2\/users\/8"}],"replies":[{"embeddable":true,"href":"https:\/\/vinasfm.com\/noticias\/wp-json\/wp\/v2\/comments?post=98507"}],"version-history":[{"count":2,"href":"https:\/\/vinasfm.com\/noticias\/wp-json\/wp\/v2\/posts\/98507\/revisions"}],"predecessor-version":[{"id":98510,"href":"https:\/\/vinasfm.com\/noticias\/wp-json\/wp\/v2\/posts\/98507\/revisions\/98510"}],"wp:featuredmedia":[{"embeddable":true,"href":"https:\/\/vinasfm.com\/noticias\/wp-json\/wp\/v2\/media\/98508"}],"wp:attachment":[{"href":"https:\/\/vinasfm.com\/noticias\/wp-json\/wp\/v2\/media?parent=98507"}],"wp:term":[{"taxonomy":"category","embeddable":true,"href":"https:\/\/vinasfm.com\/noticias\/wp-json\/wp\/v2\/categories?post=98507"},{"taxonomy":"post_tag","embeddable":true,"href":"https:\/\/vinasfm.com\/noticias\/wp-json\/wp\/v2\/tags?post=98507"}],"curies":[{"name":"wp","href":"https:\/\/api.w.org\/{rel}","templated":true}]}}