{"id":98473,"date":"2021-10-04T00:10:13","date_gmt":"2021-10-04T03:10:13","guid":{"rendered":"http:\/\/vinasfm.com\/noticias\/?p=98473"},"modified":"2021-10-04T00:19:01","modified_gmt":"2021-10-04T03:19:01","slug":"reconocieron-a-roberto-castillo-por-su-labor-en-la-asesoria-de-discapacidad","status":"publish","type":"post","link":"https:\/\/vinasfm.com\/noticias\/reconocieron-a-roberto-castillo-por-su-labor-en-la-asesoria-de-discapacidad\/","title":{"rendered":"RECONOCIERON A ROBERTO CASTILLO POR SU LABOR EN LA ASESOR\u00cdA DE DISCAPACIDAD"},"content":{"rendered":"<h4><span style=\"color: #000000;\"><strong>En horas del mediod\u00eda de este viernes, el Intendente Walther Marcolini entreg\u00f3 un reconocimiento al Asesor de Discapacidad Roberto Castillo, dado que fue notificado por su jubilaci\u00f3n.<\/strong><\/span><\/h4>\n<p><span style=\"color: #000000;\">El funcionario agradeci\u00f3 al Intendente y expres\u00f3: \u201c<strong><em>Hoy comienzo la etapa de jubilado, empiezo una nueva etapa, donde voy a disfrutar, lo m\u00e1s posible, a mi familia<\/em><\/strong>\u201d.<\/span><\/p>\n<p><span style=\"color: #000000;\">Respecto a la experiencia, se\u00f1al\u00f3 que ha sido muy buena: \u201c<strong><em>Trabaj\u00e9 en muchas gestiones, catorce a\u00f1os en la Legislatura, un a\u00f1o y medio en el Ministerio de Econom\u00eda de la Provincia. Siempre apunt\u00e9 a la parte social y eso es lo que me ha gratificado, porque la gente siente que uno est\u00e1 a su lado. He tenido convivencia con todos los partidos pol\u00edticos porque he trabajado pensando en la comunidad<\/em><\/strong>\u201d.<\/span><\/p>\n<p><span style=\"color: #000000;\">Al referirse a la Asesor\u00eda de Discapacidad, manifest\u00f3: \u201c<strong><em>siento que, en estos tres a\u00f1os y cuatro meses, no me qued\u00f3 nada por hacer en apoyo al gobierno del Intendente, quien me brind\u00f3 el apoyo total para que desarrollar la tarea de estar al frente de la Asesor\u00eda con personas con discapacidad, donde desarroll\u00e9 una actividad muy fruct\u00edfera en lo personal y tambi\u00e9n, en base a lo realizado, tratando de beneficiar a todos por igual<\/em><\/strong>\u201d.<\/span><\/p>\n<p><a href=\"http:\/\/vinasfm.com\/noticias\/wp-content\/uploads\/2021\/10\/Jubilacion-Roberto-Castillo-2-scaled.jpg\"><img loading=\"lazy\" decoding=\"async\" class=\" wp-image-98477 aligncenter\" src=\"http:\/\/vinasfm.com\/noticias\/wp-content\/uploads\/2021\/10\/Jubilacion-Roberto-Castillo-2-300x200.jpg\" alt=\"\" width=\"506\" height=\"337\" srcset=\"https:\/\/vinasfm.com\/noticias\/wp-content\/uploads\/2021\/10\/Jubilacion-Roberto-Castillo-2-300x200.jpg 300w, https:\/\/vinasfm.com\/noticias\/wp-content\/uploads\/2021\/10\/Jubilacion-Roberto-Castillo-2-1024x683.jpg 1024w, https:\/\/vinasfm.com\/noticias\/wp-content\/uploads\/2021\/10\/Jubilacion-Roberto-Castillo-2-768x512.jpg 768w, https:\/\/vinasfm.com\/noticias\/wp-content\/uploads\/2021\/10\/Jubilacion-Roberto-Castillo-2-1536x1024.jpg 1536w, https:\/\/vinasfm.com\/noticias\/wp-content\/uploads\/2021\/10\/Jubilacion-Roberto-Castillo-2-2048x1365.jpg 2048w\" sizes=\"auto, (max-width: 506px) 100vw, 506px\" \/><\/a><\/p>\n<h5><span style=\"color: #000000;\">\u2022F.B.<\/span><\/h5>\n","protected":false},"excerpt":{"rendered":"<p>En horas del mediod\u00eda de este viernes, el Intendente Walther Marcolini entreg\u00f3 un reconocimiento al Asesor de Discapacidad Roberto Castillo, dado &#8230;<\/p>\n","protected":false},"author":8,"featured_media":98478,"comment_status":"open","ping_status":"open","sticky":false,"template":"","format":"standard","meta":{"footnotes":""},"categories":[5,10],"tags":[],"class_list":["post-98473","post","type-post","status-publish","format-standard","has-post-thumbnail","hentry","category-actualidad","category-destacadas"],"_links":{"self":[{"href":"https:\/\/vinasfm.com\/noticias\/wp-json\/wp\/v2\/posts\/98473","targetHints":{"allow":["GET"]}}],"collection":[{"href":"https:\/\/vinasfm.com\/noticias\/wp-json\/wp\/v2\/posts"}],"about":[{"href":"https:\/\/vinasfm.com\/noticias\/wp-json\/wp\/v2\/types\/post"}],"author":[{"embeddable":true,"href":"https:\/\/vinasfm.com\/noticias\/wp-json\/wp\/v2\/users\/8"}],"replies":[{"embeddable":true,"href":"https:\/\/vinasfm.com\/noticias\/wp-json\/wp\/v2\/comments?post=98473"}],"version-history":[{"count":2,"href":"https:\/\/vinasfm.com\/noticias\/wp-json\/wp\/v2\/posts\/98473\/revisions"}],"predecessor-version":[{"id":98492,"href":"https:\/\/vinasfm.com\/noticias\/wp-json\/wp\/v2\/posts\/98473\/revisions\/98492"}],"wp:featuredmedia":[{"embeddable":true,"href":"https:\/\/vinasfm.com\/noticias\/wp-json\/wp\/v2\/media\/98478"}],"wp:attachment":[{"href":"https:\/\/vinasfm.com\/noticias\/wp-json\/wp\/v2\/media?parent=98473"}],"wp:term":[{"taxonomy":"category","embeddable":true,"href":"https:\/\/vinasfm.com\/noticias\/wp-json\/wp\/v2\/categories?post=98473"},{"taxonomy":"post_tag","embeddable":true,"href":"https:\/\/vinasfm.com\/noticias\/wp-json\/wp\/v2\/tags?post=98473"}],"curies":[{"name":"wp","href":"https:\/\/api.w.org\/{rel}","templated":true}]}}