{"id":98455,"date":"2021-10-04T00:05:30","date_gmt":"2021-10-04T03:05:30","guid":{"rendered":"http:\/\/vinasfm.com\/noticias\/?p=98455"},"modified":"2021-10-04T00:20:56","modified_gmt":"2021-10-04T03:20:56","slug":"seguro-contra-heladas-y-granizo-contratistas-de-vinas-y-frutales-podran-inscribirse-hasta-el-6-de-octubre","status":"publish","type":"post","link":"https:\/\/vinasfm.com\/noticias\/seguro-contra-heladas-y-granizo-contratistas-de-vinas-y-frutales-podran-inscribirse-hasta-el-6-de-octubre\/","title":{"rendered":"SEGURO CONTRA HELADAS Y GRANIZO: CONTRATISTAS DE VI\u00d1AS Y FRUTALES PODR\u00c1N INSCRIBIRSE HASTA EL 6 DE OCTUBRE"},"content":{"rendered":"<h4><strong><span style=\"color: #000000;\">El per\u00edodo de inscripci\u00f3n en el Sistema de Contratistas, del Fondo Compensador Agr\u00edcola, se extender\u00e1 hasta el mi\u00e9rcoles 6 de octubre. La registraci\u00f3n se debe realizar a trav\u00e9s de internet y es el primer paso para acceder a la cobertura por da\u00f1os de heladas y granizo.<\/span><\/strong><\/h4>\n<p><span style=\"color: #000000;\">El objetivo de esta pr\u00f3rroga es incluir a los productores que no han podido realizar el tr\u00e1mite de acceso al sistema: <\/span><strong><a href=\"http:\/\/www.contingencias.mendoza.gov.ar\/web1\/segurocontratistas\/index.php\" data-type=\"URL\" data-id=\"http:\/\/www.contingencias.mendoza.gov.ar\/web1\/segurocontratistas\/index.php\">Formulario de inscripci\u00f3n<\/a><\/strong><\/p>\n<p><span style=\"color: #000000;\">Podr\u00e1n adherir quienes tengan contratos homologados por la <strong>Subsecretar\u00eda de Trabajo de Mendoza<\/strong> en establecimientos declarados en el <strong>RUT (Registro \u00danico de la Tierra)<\/strong>. Adem\u00e1s, deben estar inscriptos en el registro que administra la <strong>Direcci\u00f3n de Contingencias Clim\u00e1ticas<\/strong>.<\/span><\/p>\n<h4><span style=\"color: #000000;\"><strong>Para acceder a la cobertura<\/strong><\/span><\/h4>\n<p><span style=\"color: #000000;\">Las personas interesadas en adherirse al <strong>Fondo Compensador<\/strong> deber\u00e1n inscribirse en el <strong>Sistema de Contratistas<\/strong>, descargar las boletas de pago y abonarlas antes del vencimiento.<\/span><\/p>\n<p><span style=\"color: #000000;\">La inscripci\u00f3n se realiza desde la p\u00e1gina de la\u00a0<\/span><a href=\"http:\/\/www.contingencias.mendoza.gov.ar\/web1\/segurocontratistas\/index.php\" data-type=\"URL\" data-id=\"http:\/\/www.contingencias.mendoza.gov.ar\/web1\/segurocontratistas\/index.php\">Direcci\u00f3n de Contingencias Clim\u00e1ticas<\/a>\u00a0<span style=\"color: #000000;\">completando una declaraci\u00f3n jurada sobre los cultivos y superficie que trabaja.\u00a0<\/span><a href=\"https:\/\/www.mendoza.gov.ar\/wp-content\/uploads\/sites\/56\/2021\/09\/instrcontrat.pdf\" data-type=\"URL\" data-id=\"https:\/\/www.mendoza.gov.ar\/wp-content\/uploads\/sites\/56\/2021\/09\/instrcontrat.pdf\">Instructivo<\/a><\/p>\n<p><span style=\"color: #000000;\"><strong>Las boletas de pagos estar\u00e1n disponibles desde el 1 octubre<\/strong>. Se les enviar\u00e1 por correo electr\u00f3nico a los inscriptos o podr\u00e1n descargarse desde la de la p\u00e1gina de <strong>Contingencias Clim\u00e1ticas<\/strong>.<\/span><\/p>\n<p><span style=\"color: #000000;\"><strong>El pago puede efectuarse en sucursales Banco Naci\u00f3n, la Bolsa de Comercio y Rapipago<\/strong>. El cronograma es el siguiente:<\/span><\/p>\n<ul>\n<li><span style=\"color: #000000;\"><strong>15 de octubre: vencimiento de la 1\u00aa cuota<\/strong><\/span><\/li>\n<li><span style=\"color: #000000;\"><strong>16 de noviembre: vencimiento de la 2\u00aa cuota<\/strong><\/span><\/li>\n<li><span style=\"color: #000000;\"><strong>15 de diciembre: vencimiento de la 3\u00aa cuota<\/strong><\/span><\/li>\n<li><span style=\"color: #000000;\"><strong>17 de enero de 2022: vencimiento de la 4\u00aa cuota<\/strong><\/span><\/li>\n<li><span style=\"color: #000000;\"><strong>15 de febrero de 2022: vencimiento de la 5\u00aa cuota<\/strong><\/span><\/li>\n<\/ul>\n<h5>\u2022F.B.<\/h5>\n","protected":false},"excerpt":{"rendered":"<p>El per\u00edodo de inscripci\u00f3n en el Sistema de Contratistas, del Fondo Compensador Agr\u00edcola, se extender\u00e1 hasta el mi\u00e9rcoles 6 de octubre. &#8230;<\/p>\n","protected":false},"author":8,"featured_media":98456,"comment_status":"open","ping_status":"open","sticky":false,"template":"","format":"standard","meta":{"footnotes":""},"categories":[5,14],"tags":[],"class_list":["post-98455","post","type-post","status-publish","format-standard","has-post-thumbnail","hentry","category-actualidad","category-agro"],"_links":{"self":[{"href":"https:\/\/vinasfm.com\/noticias\/wp-json\/wp\/v2\/posts\/98455","targetHints":{"allow":["GET"]}}],"collection":[{"href":"https:\/\/vinasfm.com\/noticias\/wp-json\/wp\/v2\/posts"}],"about":[{"href":"https:\/\/vinasfm.com\/noticias\/wp-json\/wp\/v2\/types\/post"}],"author":[{"embeddable":true,"href":"https:\/\/vinasfm.com\/noticias\/wp-json\/wp\/v2\/users\/8"}],"replies":[{"embeddable":true,"href":"https:\/\/vinasfm.com\/noticias\/wp-json\/wp\/v2\/comments?post=98455"}],"version-history":[{"count":1,"href":"https:\/\/vinasfm.com\/noticias\/wp-json\/wp\/v2\/posts\/98455\/revisions"}],"predecessor-version":[{"id":98457,"href":"https:\/\/vinasfm.com\/noticias\/wp-json\/wp\/v2\/posts\/98455\/revisions\/98457"}],"wp:featuredmedia":[{"embeddable":true,"href":"https:\/\/vinasfm.com\/noticias\/wp-json\/wp\/v2\/media\/98456"}],"wp:attachment":[{"href":"https:\/\/vinasfm.com\/noticias\/wp-json\/wp\/v2\/media?parent=98455"}],"wp:term":[{"taxonomy":"category","embeddable":true,"href":"https:\/\/vinasfm.com\/noticias\/wp-json\/wp\/v2\/categories?post=98455"},{"taxonomy":"post_tag","embeddable":true,"href":"https:\/\/vinasfm.com\/noticias\/wp-json\/wp\/v2\/tags?post=98455"}],"curies":[{"name":"wp","href":"https:\/\/api.w.org\/{rel}","templated":true}]}}