{"id":98420,"date":"2021-09-30T00:01:47","date_gmt":"2021-09-30T03:01:47","guid":{"rendered":"http:\/\/vinasfm.com\/noticias\/?p=98420"},"modified":"2021-10-01T19:51:46","modified_gmt":"2021-10-01T22:51:46","slug":"jubilacion-anticipada-los-puntos-principales-de-la-medida","status":"publish","type":"post","link":"https:\/\/vinasfm.com\/noticias\/jubilacion-anticipada-los-puntos-principales-de-la-medida\/","title":{"rendered":"JUBILACI\u00d3N ANTICIPADA: LOS PUNTOS PRINCIPALES DE LA MEDIDA"},"content":{"rendered":"<section class=\"detail-body first-paragraph\">\n<section id=\"note-body\" class=\"body-content note-body content-protected-false\" data-twitter-link=\"https:\/\/twitter.com\/intent\/tweet?url=https:\/\/www.ambito.com\/c5288997&amp;v\u00eda=Ambitocom&amp;related=\u00e1mbito.com&amp;text=\">\n<h4><span style=\"color: #000000;\"><strong>El Gobierno presenta la implementaci\u00f3n de la jubilaci\u00f3n anticipada,\u00a0para personas que ya cuentan con los 30 a\u00f1os de aportes requeridos, les faltan 5 a\u00f1os o menos de edad para jubilarse y se encontraban al 30 de junio de 2021 desocupadas o desocupados.<\/strong><\/span><\/h4>\n<\/section>\n<\/section>\n<section class=\"detail-body second-paragraph\">\n<section class=\"body-content note-body content-protected-false\"><span style=\"color: #000000;\">La jubilaci\u00f3n anticipada ser\u00e1 implementada por la <strong>Administraci\u00f3n Nacional de la Seguridad Social (ANSES),<\/strong> organismo que conduce Fernanda Raverta.<\/span><\/p>\n<h4><span style=\"color: #000000;\"><strong>Los puntos principales de la jubilaci\u00f3n anticipada:<\/strong><\/span><\/h4>\n<ul>\n<li><span style=\"color: #000000;\">Destinada a hombres de entre 60 y 64 a\u00f1os de edad y mujeres entre 55 y 59 a\u00f1os de edad, que cuentan con los 30 a\u00f1os de aportes registrados y se encontraban al 30 de junio de 2021 desocupadas o desocupados.<\/span><\/li>\n<li><span style=\"color: #000000;\">La mayor parte de la poblaci\u00f3n son personas que se desempe\u00f1aron como trabajadores industriales, un sector que sufri\u00f3 una gran ca\u00edda en el empleo durante el per\u00edodo 2016-2019.<\/span><\/li>\n<li><span style=\"color: #000000;\">La Jubilaci\u00f3n Anticipada es una prestaci\u00f3n mensual equivalente al 80% del haber que les corresponder\u00e1 a estas personas al momento de cumplir con la edad jubilatoria. Una vez alcanzada la edad requerida (65 a\u00f1os los varones, 60 a\u00f1os las mujeres) autom\u00e1ticamente pasar\u00e1n a percibir el 100% del haber correspondiente.<\/span><\/li>\n<li><span style=\"color: #000000;\">Se estima que entre 20 mil y 30 mil personas podr\u00e1n jubilarse con esta medida durante 2021. Seg\u00fan proyecciones de ANSES el 85% de los que acceder\u00e1n son varones.<\/span><\/li>\n<\/ul>\n<h4><span style=\"color: #000000;\"><strong>\u00bfC\u00f3mo acceder a la jubilaci\u00f3n anticipada de ANSES?<\/strong><\/span><\/h4>\n<p><span style=\"color: #000000;\">Tras darse a conocer la medida, ahora se espera que la ANSES detalle el proceso a trav\u00e9s del cual quienes est\u00e9n en condiciones de acceder puedan hacer el tr\u00e1mite.<\/span><\/p>\n<p><span style=\"color: #000000;\">Seg\u00fan se inform\u00f3, la fecha a partir de la cual podr\u00e1n iniciar el tr\u00e1mite es el 1 de octubre y no habr\u00e1 una fecha l\u00edmite.<\/span><\/p>\n<\/section>\n<\/section>\n","protected":false},"excerpt":{"rendered":"<p>El Gobierno presenta la implementaci\u00f3n de la jubilaci\u00f3n anticipada,\u00a0para personas que ya cuentan con los 30 a\u00f1os de aportes requeridos, les &#8230;<\/p>\n","protected":false},"author":8,"featured_media":70142,"comment_status":"open","ping_status":"open","sticky":false,"template":"","format":"standard","meta":{"footnotes":""},"categories":[5,14],"tags":[],"class_list":["post-98420","post","type-post","status-publish","format-standard","has-post-thumbnail","hentry","category-actualidad","category-agro"],"_links":{"self":[{"href":"https:\/\/vinasfm.com\/noticias\/wp-json\/wp\/v2\/posts\/98420","targetHints":{"allow":["GET"]}}],"collection":[{"href":"https:\/\/vinasfm.com\/noticias\/wp-json\/wp\/v2\/posts"}],"about":[{"href":"https:\/\/vinasfm.com\/noticias\/wp-json\/wp\/v2\/types\/post"}],"author":[{"embeddable":true,"href":"https:\/\/vinasfm.com\/noticias\/wp-json\/wp\/v2\/users\/8"}],"replies":[{"embeddable":true,"href":"https:\/\/vinasfm.com\/noticias\/wp-json\/wp\/v2\/comments?post=98420"}],"version-history":[{"count":3,"href":"https:\/\/vinasfm.com\/noticias\/wp-json\/wp\/v2\/posts\/98420\/revisions"}],"predecessor-version":[{"id":98430,"href":"https:\/\/vinasfm.com\/noticias\/wp-json\/wp\/v2\/posts\/98420\/revisions\/98430"}],"wp:featuredmedia":[{"embeddable":true,"href":"https:\/\/vinasfm.com\/noticias\/wp-json\/wp\/v2\/media\/70142"}],"wp:attachment":[{"href":"https:\/\/vinasfm.com\/noticias\/wp-json\/wp\/v2\/media?parent=98420"}],"wp:term":[{"taxonomy":"category","embeddable":true,"href":"https:\/\/vinasfm.com\/noticias\/wp-json\/wp\/v2\/categories?post=98420"},{"taxonomy":"post_tag","embeddable":true,"href":"https:\/\/vinasfm.com\/noticias\/wp-json\/wp\/v2\/tags?post=98420"}],"curies":[{"name":"wp","href":"https:\/\/api.w.org\/{rel}","templated":true}]}}