{"id":98360,"date":"2021-09-30T23:25:43","date_gmt":"2021-10-01T02:25:43","guid":{"rendered":"http:\/\/vinasfm.com\/noticias\/?p=98360"},"modified":"2021-10-01T09:05:36","modified_gmt":"2021-10-01T12:05:36","slug":"entre-tangos-la-propuesta-con-la-que-cooperativa-bajo-club-cuarteto-ecos-engalanaran-el-antonio-lafalla","status":"publish","type":"post","link":"https:\/\/vinasfm.com\/noticias\/entre-tangos-la-propuesta-con-la-que-cooperativa-bajo-club-cuarteto-ecos-engalanaran-el-antonio-lafalla\/","title":{"rendered":"&#8216;ENTRE TANGOS&#8217;, LA PROPUESTA CON LA QUE COOPERATIVA BAJO CLUB &#038; CUARTETO ECOS ENGALANAR\u00c1N EL ANTONIO LAFALLA"},"content":{"rendered":"<h4><span style=\"color: #000000;\"><strong>Este s\u00e1bado, el Teatro Antonio Lafalla vibrar\u00e1 al ritmo del 2 por 4 con la presentaci\u00f3n de Cooperativa Bajo Club &amp; Cuarteto Ecos, que homenajeando al maestro Astor Piazzolla, volver\u00e1n al departamento con &#8216;Entre Tangos&#8217;, una performance imperdible.<\/strong><\/span><\/h4>\n<p><span style=\"color: #000000;\"><strong>Federico Alma<\/strong>, director musical del cuarteto mendocino que por segunda vez visitar\u00e1 el departamento, dialog\u00f3 con <strong>F.M. Vi\u00f1as\u00a0<\/strong>invitando a los alvearense a sumarse a la propuesta cuya convocatoria lleg\u00f3 desde la Direcci\u00f3n de Cultura &#8216;<strong><em>luego de estar en Bodega Fara\u00f3n en abril cuando presentamos nuestro show en el marco de Festival M\u00fasica por los Caminos del Vino. Qued\u00f3 el contacto con Liana Piedrafita con quien coordinamos para concretar esta visita a Alvear<\/em><\/strong>&#8216;, indic\u00f3.<\/span><\/p>\n<p><span style=\"color: #000000;\">&#8216;<strong><em>El estilo de m\u00fasica de nuestra banda con bajos el\u00e9ctricos al que se suma el Cuarteto Ecos con guitarras cl\u00e1sicas, siguiendo la l\u00ednea del gran Piazzolla. Adem\u00e1s compartiremos el escenario con\u00a0 una academia de tango de Alvear, por lo que ser\u00e1 una puesta en escena meramente tanguera<\/em><\/strong>&#8216;, explic\u00f3 Alma, quien adem\u00e1s es compositor y arreglador de la banda.<\/span><\/p>\n<p><span style=\"color: #000000;\"><a href=\"https:\/\/www.instagram.com\/cooperativabajoclub\/?hl=es-la\"><em><strong>Cooperativa Bajo Club<\/strong><\/em><\/a> surgi\u00f3 hace dos a\u00f1os con el objetivo de profundizar en la m\u00fasica de c\u00e1mara y su claro objetivo es &#8216;<strong><em>enriquecer a la m\u00fasica argentina con esta l\u00ednea del tango nuevo<\/em><\/strong>&#8216;, subray\u00f3 Fede, destacando que <strong>se han presentado en distintos puntos de la provincia<\/strong> y tienen la meta de recorrer el resto del pa\u00eds.<\/span><\/p>\n<p><span style=\"color: #000000;\">La cita es a las <strong>21hs\u00a0<\/strong>y las entradas ya est\u00e1n a la venta en la <strong>boleter\u00eda del Cine Teatro<\/strong> este <strong>jueves y viernes de 10hs a 13hs<\/strong> y en la tarde desde este <strong>jueves al domingo de 16hs a 22hs. <\/strong>El valor de la entrada para la <strong>platea general es de $500<\/strong>: &#8216;<strong><em>Invitamos a todos los vecinos de Alvear a que vayan para poder disfrutar del espect\u00e1culo que preparamos especialmente para ellos valorizando la m\u00fasica que no identifica en el mundo<\/em><\/strong>&#8216;, concluy\u00f3.<\/span><\/p>\n<p><iframe loading=\"lazy\" title=\"COOPERATIVA BAJO CLUB\/ Libertango\" width=\"1140\" height=\"641\" src=\"https:\/\/www.youtube.com\/embed\/qO8zY6-wtec?feature=oembed\" frameborder=\"0\" allow=\"accelerometer; autoplay; clipboard-write; encrypted-media; gyroscope; picture-in-picture\" allowfullscreen><\/iframe><\/p>\n<h5><span style=\"color: #000000;\">\u2022F.B. (F.M. Vi\u00f1as).<\/span><\/h5>\n","protected":false},"excerpt":{"rendered":"<p>Este s\u00e1bado, el Teatro Antonio Lafalla vibrar\u00e1 al ritmo del 2 por 4 con la presentaci\u00f3n de Cooperativa Bajo Club &amp; &#8230;<\/p>\n","protected":false},"author":8,"featured_media":98361,"comment_status":"open","ping_status":"open","sticky":false,"template":"","format":"standard","meta":{"footnotes":""},"categories":[5,19],"tags":[],"class_list":["post-98360","post","type-post","status-publish","format-standard","has-post-thumbnail","hentry","category-actualidad","category-cultura"],"_links":{"self":[{"href":"https:\/\/vinasfm.com\/noticias\/wp-json\/wp\/v2\/posts\/98360","targetHints":{"allow":["GET"]}}],"collection":[{"href":"https:\/\/vinasfm.com\/noticias\/wp-json\/wp\/v2\/posts"}],"about":[{"href":"https:\/\/vinasfm.com\/noticias\/wp-json\/wp\/v2\/types\/post"}],"author":[{"embeddable":true,"href":"https:\/\/vinasfm.com\/noticias\/wp-json\/wp\/v2\/users\/8"}],"replies":[{"embeddable":true,"href":"https:\/\/vinasfm.com\/noticias\/wp-json\/wp\/v2\/comments?post=98360"}],"version-history":[{"count":3,"href":"https:\/\/vinasfm.com\/noticias\/wp-json\/wp\/v2\/posts\/98360\/revisions"}],"predecessor-version":[{"id":98366,"href":"https:\/\/vinasfm.com\/noticias\/wp-json\/wp\/v2\/posts\/98360\/revisions\/98366"}],"wp:featuredmedia":[{"embeddable":true,"href":"https:\/\/vinasfm.com\/noticias\/wp-json\/wp\/v2\/media\/98361"}],"wp:attachment":[{"href":"https:\/\/vinasfm.com\/noticias\/wp-json\/wp\/v2\/media?parent=98360"}],"wp:term":[{"taxonomy":"category","embeddable":true,"href":"https:\/\/vinasfm.com\/noticias\/wp-json\/wp\/v2\/categories?post=98360"},{"taxonomy":"post_tag","embeddable":true,"href":"https:\/\/vinasfm.com\/noticias\/wp-json\/wp\/v2\/tags?post=98360"}],"curies":[{"name":"wp","href":"https:\/\/api.w.org\/{rel}","templated":true}]}}