{"id":98346,"date":"2021-09-30T23:30:11","date_gmt":"2021-10-01T02:30:11","guid":{"rendered":"http:\/\/vinasfm.com\/noticias\/?p=98346"},"modified":"2021-10-01T09:05:43","modified_gmt":"2021-10-01T12:05:43","slug":"capacitaron-a-vecinos-de-carmensa-sobre-como-producir-compost","status":"publish","type":"post","link":"https:\/\/vinasfm.com\/noticias\/capacitaron-a-vecinos-de-carmensa-sobre-como-producir-compost\/","title":{"rendered":"CAPACITARON A VECINOS DE CARMENSA SOBRE C\u00d3MO PRODUCIR COMPOST"},"content":{"rendered":"<h4><span style=\"color: #000000;\"><strong>La Direcci\u00f3n de Gesti\u00f3n Ambiental en conjunto con la Delegaci\u00f3n de Carmensa realiz\u00f3 venta y entrega de compost. Tambi\u00e9n, capacit\u00f3 a los vecinos respecto a la \u00abProducci\u00f3n domiciliaria de Compost\u00bb.<\/strong><\/span><\/h4>\n<p><span style=\"color: #000000;\">En la ma\u00f1ana de este mi\u00e9rcoles, la <strong>Direcci\u00f3n de Gesti\u00f3n Ambiental<\/strong> junto con la <strong>Delegaci\u00f3n de Carmensa<\/strong> vendi\u00f3 compost a los vecinos del lugar, material que se produce en la <strong>Planta de Residuos S\u00f3lidos Urbanos de la Municipalidad de General Alvear<\/strong>, fruto del trabajo entre la Comuna y la <strong>Cooperativa Anul\u00e9n Suyai<\/strong>, y que es <strong>elaborado con los residuos org\u00e1nicos que son separados de los residuos domiciliarios<\/strong>.<\/span><\/p>\n<p><span style=\"color: #000000;\">&#8216;<strong><em>En una pol\u00edtica de federalizar los proyectos del Municipio, es que llegamos a San Pedro del Atuel para poder traer este producto<\/em><\/strong>&#8216;, indic\u00f3 el <strong>Director de Gesti\u00f3n Ambiental Rainero Caterbetti<\/strong> quien agreg\u00f3 que <strong>este a\u00f1o se logr\u00f3 un volumen de venta r\u00e9cord de compost<\/strong>, lo que tiene que ver con el trabajo que la gente realiza en sus patios, a trav\u00e9s de huertas o mejorando los suelos en sus hogares.<\/span><\/p>\n<p><span style=\"color: #000000;\">&#8216;<strong><em>Este compost ayuda a mejorar los suelos, sobretodo en nuestra regi\u00f3n que tiene muy baja carga org\u00e1nica, de esta manera se mejora la porosidad y la cantidad de microorganismos que son beneficiosos para la producci\u00f3n<\/em><\/strong>&#8216;, subray\u00f3 Caterbetti.<\/span><\/p>\n<p><span style=\"color: #000000;\">Pero en esta ocasi\u00f3n no solo se vendi\u00f3 compost, sino que tambi\u00e9n <strong>se capacit\u00f3 a los vecinos acerca de c\u00f3mo producir este material en el hogar<\/strong>: &#8216;<strong><em>Con los restos org\u00e1nicos, los residuos de cocina, podemos producir compost. Por eso estamos mostrando tres etapas de este material, en la primera se colocan los ingredientes org\u00e1nicos extra\u00eddos de la cocina, en una segunda etapa se ve el comienzo de la maduraci\u00f3n del compost y en una tercera etapa se ve el producto terminado&#8217;, <\/em><\/strong>concluy\u00f3 el funcionario, quien manifest\u00f3 que se est\u00e1 planificando una tarea similar, con venta de compost, en Bowen.<\/span><\/p>\n<h5><span style=\"color: #000000;\">\u2022F.B.<\/span><\/h5>\n","protected":false},"excerpt":{"rendered":"<p>La Direcci\u00f3n de Gesti\u00f3n Ambiental en conjunto con la Delegaci\u00f3n de Carmensa realiz\u00f3 venta y entrega de compost. Tambi\u00e9n, capacit\u00f3 a &#8230;<\/p>\n","protected":false},"author":8,"featured_media":98347,"comment_status":"open","ping_status":"open","sticky":false,"template":"","format":"standard","meta":{"footnotes":""},"categories":[5,34],"tags":[],"class_list":["post-98346","post","type-post","status-publish","format-standard","has-post-thumbnail","hentry","category-actualidad","category-medio-ambiente"],"_links":{"self":[{"href":"https:\/\/vinasfm.com\/noticias\/wp-json\/wp\/v2\/posts\/98346","targetHints":{"allow":["GET"]}}],"collection":[{"href":"https:\/\/vinasfm.com\/noticias\/wp-json\/wp\/v2\/posts"}],"about":[{"href":"https:\/\/vinasfm.com\/noticias\/wp-json\/wp\/v2\/types\/post"}],"author":[{"embeddable":true,"href":"https:\/\/vinasfm.com\/noticias\/wp-json\/wp\/v2\/users\/8"}],"replies":[{"embeddable":true,"href":"https:\/\/vinasfm.com\/noticias\/wp-json\/wp\/v2\/comments?post=98346"}],"version-history":[{"count":2,"href":"https:\/\/vinasfm.com\/noticias\/wp-json\/wp\/v2\/posts\/98346\/revisions"}],"predecessor-version":[{"id":98370,"href":"https:\/\/vinasfm.com\/noticias\/wp-json\/wp\/v2\/posts\/98346\/revisions\/98370"}],"wp:featuredmedia":[{"embeddable":true,"href":"https:\/\/vinasfm.com\/noticias\/wp-json\/wp\/v2\/media\/98347"}],"wp:attachment":[{"href":"https:\/\/vinasfm.com\/noticias\/wp-json\/wp\/v2\/media?parent=98346"}],"wp:term":[{"taxonomy":"category","embeddable":true,"href":"https:\/\/vinasfm.com\/noticias\/wp-json\/wp\/v2\/categories?post=98346"},{"taxonomy":"post_tag","embeddable":true,"href":"https:\/\/vinasfm.com\/noticias\/wp-json\/wp\/v2\/tags?post=98346"}],"curies":[{"name":"wp","href":"https:\/\/api.w.org\/{rel}","templated":true}]}}