{"id":98342,"date":"2021-10-01T19:30:31","date_gmt":"2021-10-01T22:30:31","guid":{"rendered":"http:\/\/vinasfm.com\/noticias\/?p=98342"},"modified":"2021-10-02T11:54:06","modified_gmt":"2021-10-02T14:54:06","slug":"vuelven-a-rugir-los-motores-en-el-autodromo-victor-garcia","status":"publish","type":"post","link":"https:\/\/vinasfm.com\/noticias\/vuelven-a-rugir-los-motores-en-el-autodromo-victor-garcia\/","title":{"rendered":"ESTE DOMINGO, VUELVEN A RUGIR LOS MOTORES EN EL V\u00cdCTOR GARC\u00cdA"},"content":{"rendered":"<h4><span style=\"color: #000000;\"><strong>El Secretario de Gobierno Jos\u00e9 Vilches, Jorge P\u00e1ez de la Direcci\u00f3n de Deportes y Cristian Moncada, referente del AAKA, brindaron detalles de las carreras de categor\u00edas tradicionales que se realizar\u00e1n este fin de semana en el Aut\u00f3dromo Kart\u00f3dromo municipal V\u00edctor Garc\u00eda.<\/strong><\/span><\/h4>\n<p><span style=\"color: #000000;\">Las <strong>categor\u00edas tradicionales<\/strong> son: las <strong>850 Grupo 1, F\u00f3rmula 1100, Juniors, Monomarca Fiat, Sport 4<\/strong> y <strong>TC tradicional<\/strong>. La cita es el <strong>domingo 3 de octubre<\/strong> en el Aut\u00f3dromo Kart\u00f3dromo municipal V\u00edctor Garc\u00eda. La <strong>apertura<\/strong> es <strong>a partir de las 9h<\/strong> y el <strong>inicio de la competencia a partir de las 11:30h<\/strong>. La <strong>entrada general es de $300 para todo p\u00fablico<\/strong>.<\/span><\/p>\n<p><span style=\"color: #000000;\">El <strong>Secretario de Gobierno Jos\u00e9 Vilches<\/strong> destac\u00f3 que &#8216;<strong><em>este respiro que ha dado la pandemia permite volver a desarrollar actividades, especialmente en lo deportivo. Este domingo contaremos con la grata visita de m\u00e1s de 80 corredores automovil\u00edsticos, sumado a los corredores locales de categor\u00edas tradicionales, en la tercera fecha que se realiza en el Departamento y la cuarta de la Provincia, favoreciendo el desarrollo deportivo y tur\u00edstico en General Alvear&#8217;<\/em><\/strong>.<\/span><\/p>\n<p><span style=\"color: #000000;\">De la <strong>Direcci\u00f3n de Deportes, Actividad F\u00edsica y Recreaci\u00f3n Jorge P\u00e1ez<\/strong> manifest\u00f3 su contento por anunciar una fecha m\u00e1s de categor\u00edas tradicionales en Alvear, un pueblo fierrero que lo estaba pidiendo, que va a poder ir hasta el Aut\u00f3dromo, instalarse y ver las carreras.<\/span><\/p>\n<p><span style=\"color: #000000;\">&#8216;<strong><em>Desde el municipio y AAKA se han hecho cambios en el aut\u00f3dromo para que el domingo tengamos una linda carrera, tanto para los corredores como para los espectadores, que van a estar ubicados en las afueras del circuito<\/em><\/strong>&#8216;, se\u00f1al\u00f3.<\/span><\/p>\n<p><span style=\"color: #000000;\">Por su parte, <strong>Cristian Moncada<\/strong> agreg\u00f3: &#8216;<strong><em>Estamos contentos de volver al V\u00edctor Garc\u00eda por segunda vez en el a\u00f1o. La entrada es de $300 para p\u00fablico en general, esperamos la compa\u00f1\u00eda de toda la gente de Alvear. Hemos hecho cambios en la torre de control, en la pista y donde se va a ubicar el p\u00fablico<\/em><\/strong>&#8216;, y resalt\u00f3 que esperan contar con m\u00e1s de <strong>cien pilotos<\/strong>.<\/span><\/p>\n<h5><span style=\"color: #000000;\">\u2022F.B.<\/span><\/h5>\n","protected":false},"excerpt":{"rendered":"<p>El Secretario de Gobierno Jos\u00e9 Vilches, Jorge P\u00e1ez de la Direcci\u00f3n de Deportes y Cristian Moncada, referente del AAKA, brindaron detalles &#8230;<\/p>\n","protected":false},"author":8,"featured_media":98344,"comment_status":"open","ping_status":"open","sticky":false,"template":"","format":"standard","meta":{"footnotes":""},"categories":[5,3],"tags":[],"class_list":["post-98342","post","type-post","status-publish","format-standard","has-post-thumbnail","hentry","category-actualidad","category-deportes"],"_links":{"self":[{"href":"https:\/\/vinasfm.com\/noticias\/wp-json\/wp\/v2\/posts\/98342","targetHints":{"allow":["GET"]}}],"collection":[{"href":"https:\/\/vinasfm.com\/noticias\/wp-json\/wp\/v2\/posts"}],"about":[{"href":"https:\/\/vinasfm.com\/noticias\/wp-json\/wp\/v2\/types\/post"}],"author":[{"embeddable":true,"href":"https:\/\/vinasfm.com\/noticias\/wp-json\/wp\/v2\/users\/8"}],"replies":[{"embeddable":true,"href":"https:\/\/vinasfm.com\/noticias\/wp-json\/wp\/v2\/comments?post=98342"}],"version-history":[{"count":5,"href":"https:\/\/vinasfm.com\/noticias\/wp-json\/wp\/v2\/posts\/98342\/revisions"}],"predecessor-version":[{"id":98424,"href":"https:\/\/vinasfm.com\/noticias\/wp-json\/wp\/v2\/posts\/98342\/revisions\/98424"}],"wp:featuredmedia":[{"embeddable":true,"href":"https:\/\/vinasfm.com\/noticias\/wp-json\/wp\/v2\/media\/98344"}],"wp:attachment":[{"href":"https:\/\/vinasfm.com\/noticias\/wp-json\/wp\/v2\/media?parent=98342"}],"wp:term":[{"taxonomy":"category","embeddable":true,"href":"https:\/\/vinasfm.com\/noticias\/wp-json\/wp\/v2\/categories?post=98342"},{"taxonomy":"post_tag","embeddable":true,"href":"https:\/\/vinasfm.com\/noticias\/wp-json\/wp\/v2\/tags?post=98342"}],"curies":[{"name":"wp","href":"https:\/\/api.w.org\/{rel}","templated":true}]}}