{"id":98338,"date":"2021-09-30T23:15:40","date_gmt":"2021-10-01T02:15:40","guid":{"rendered":"http:\/\/vinasfm.com\/noticias\/?p=98338"},"modified":"2021-10-01T09:05:53","modified_gmt":"2021-10-01T12:05:53","slug":"se-aproxima-un-grand-prix-de-tenis-de-mesa-en-alvear","status":"publish","type":"post","link":"https:\/\/vinasfm.com\/noticias\/se-aproxima-un-grand-prix-de-tenis-de-mesa-en-alvear\/","title":{"rendered":"SE APROXIMA UN GRAND PRIX DE TENIS DE MESA EN ALVEAR"},"content":{"rendered":"<h4><span style=\"color: #000000;\"><strong>El Secretario de Gobierno Jos\u00e9 Vilches junto al Subdirector de Deportes Roberto Sim\u00f3n informaron sobre el Grand Prix de Tenis de mesa que se llevar\u00e1 a cabo en noviembre en nuestro Departamento.<\/strong><\/span><\/h4>\n<p><span style=\"color: #000000;\">&#8216;<em>El<strong> 5, 6 y 7 de noviembre<\/strong> m\u00e1s de <strong>350 deportistas de Tenis de mesa de la regi\u00f3n Cuyo y de todo el Pa\u00eds<\/strong> para competir en las instalaciones del <\/em><strong><em>Polideportivo Deportistas Alvearenses<\/em>&#8216;<\/strong>, destac\u00f3 Vilches en dialogo con <em>F.M. Vi\u00f1as<\/em>. Es para destacar que <strong>este mi\u00e9rcoles se realiz\u00f3 una capacitaci\u00f3n y cl\u00ednica de tenis de mesa<\/strong> en el Polideportivo Deportistas Alvearenses, que fue dictada por el <strong>Lic. Franco Piruzzi<\/strong>, <strong>entrenador de la Selecci\u00f3n Nacional juvenil de Tenis de mesa.<\/strong><\/span><\/p>\n<p><span style=\"color: #000000;\">Acerca de esta capacitaci\u00f3n, <strong>Piruzzi<\/strong> se\u00f1alo: &#8216;<strong><em>Esta capacitaci\u00f3n sali\u00f3 muy bien, y es el primer encuentro que podemos hacer despu\u00e9s de la pandemia. Notamos muchas ganas por parte de los profes que est\u00e1n trabajando muy bien en los barrios, por eso estamos programando dos encuentros m\u00e1s, uno en Octubre y otro en Noviembre<\/em><\/strong>&#8216;.<\/span><\/p>\n<p><span style=\"color: #000000;\">Habr\u00e1 dos jornadas m\u00e1s: en quince d\u00edas la segunda y en un mes la tercera: &#8216;<strong><em>Vamos a aprovechar para probar unas mesas nuevas. Adem\u00e1s, van a participar las escuelitas barriales de Los Ranqueles, Barrio El Parque y El Matadero. Esta Cl\u00ednica ser\u00e1 fundamental para darle un inicio al tenis de mesa formal y superar al Ping Pong&#8217;<\/em><\/strong>, resalt\u00f3 Roberto Sim\u00f3n.<\/span><\/p>\n<p><span style=\"color: #000000;\">Respecto al <strong>Grand Prix<\/strong>, que se desarrollar\u00e1 del 5 al 7 de noviembre, en todas sus categor\u00edas, <strong>desde Sub 9 a Sub 23, con una divisi\u00f3n de dos a\u00f1os, femenino y masculino<\/strong>, de <strong>m\u00e1s 35 a m\u00e1s 75,<\/strong> con una diferencia de cinco a\u00f1os, con gran cantidad de personas, dado que &#8216;<em><strong>esperamos unos 350 deportistas dentro del marco del Grand Prix<\/strong>. El nivel es el mejor que puede haber en el Pa\u00eds y va a ser regional. <strong>Franco Piruzzi fue quien acerc\u00f3 la propuesta junto con la Confederaci\u00f3n<\/strong>. <strong>Vamos a estar confirmando las inscripciones la semana pr\u00f3xima, detallando el costo de inscripci\u00f3n y la cantidad de deportistas que vamos a poder tener<\/strong>, calculamos unas 700 personas extra a los jugadores<\/em>&#8216;.<\/span><\/p>\n<h5><span style=\"color: #000000;\">\u2022F.B.<\/span><\/h5>\n","protected":false},"excerpt":{"rendered":"<p>El Secretario de Gobierno Jos\u00e9 Vilches junto al Subdirector de Deportes Roberto Sim\u00f3n informaron sobre el Grand Prix de Tenis de &#8230;<\/p>\n","protected":false},"author":8,"featured_media":98340,"comment_status":"open","ping_status":"open","sticky":false,"template":"","format":"standard","meta":{"footnotes":""},"categories":[5,3],"tags":[],"class_list":["post-98338","post","type-post","status-publish","format-standard","has-post-thumbnail","hentry","category-actualidad","category-deportes"],"_links":{"self":[{"href":"https:\/\/vinasfm.com\/noticias\/wp-json\/wp\/v2\/posts\/98338","targetHints":{"allow":["GET"]}}],"collection":[{"href":"https:\/\/vinasfm.com\/noticias\/wp-json\/wp\/v2\/posts"}],"about":[{"href":"https:\/\/vinasfm.com\/noticias\/wp-json\/wp\/v2\/types\/post"}],"author":[{"embeddable":true,"href":"https:\/\/vinasfm.com\/noticias\/wp-json\/wp\/v2\/users\/8"}],"replies":[{"embeddable":true,"href":"https:\/\/vinasfm.com\/noticias\/wp-json\/wp\/v2\/comments?post=98338"}],"version-history":[{"count":2,"href":"https:\/\/vinasfm.com\/noticias\/wp-json\/wp\/v2\/posts\/98338\/revisions"}],"predecessor-version":[{"id":98341,"href":"https:\/\/vinasfm.com\/noticias\/wp-json\/wp\/v2\/posts\/98338\/revisions\/98341"}],"wp:featuredmedia":[{"embeddable":true,"href":"https:\/\/vinasfm.com\/noticias\/wp-json\/wp\/v2\/media\/98340"}],"wp:attachment":[{"href":"https:\/\/vinasfm.com\/noticias\/wp-json\/wp\/v2\/media?parent=98338"}],"wp:term":[{"taxonomy":"category","embeddable":true,"href":"https:\/\/vinasfm.com\/noticias\/wp-json\/wp\/v2\/categories?post=98338"},{"taxonomy":"post_tag","embeddable":true,"href":"https:\/\/vinasfm.com\/noticias\/wp-json\/wp\/v2\/tags?post=98338"}],"curies":[{"name":"wp","href":"https:\/\/api.w.org\/{rel}","templated":true}]}}