{"id":98324,"date":"2021-09-30T23:30:41","date_gmt":"2021-10-01T02:30:41","guid":{"rendered":"http:\/\/vinasfm.com\/noticias\/?p=98324"},"modified":"2021-10-01T09:02:05","modified_gmt":"2021-10-01T12:02:05","slug":"carlos-achetoni-evaluo-los-acuerdos-entre-el-gobierno-y-la-mesa-de-enlace-financiamiento-y-exportaciones-a-china","status":"publish","type":"post","link":"https:\/\/vinasfm.com\/noticias\/carlos-achetoni-evaluo-los-acuerdos-entre-el-gobierno-y-la-mesa-de-enlace-financiamiento-y-exportaciones-a-china\/","title":{"rendered":"CARLOS ACHETONI EVALU\u00d3 LOS ACUERDOS ENTRE EL GOBIERNO Y LA MESA DE ENLACE: FINANCIAMIENTO Y EXPORTACIONES A CHINA"},"content":{"rendered":"<h4><span style=\"color: #000000;\"><strong>El ministro de Agricultura Juli\u00e1n Dom\u00ednguez, el jefe de Gabinete Juan Manzur, gobernadores de cinco provincias y otros representantes del gobierno nacional se reunieron este martes con los dirigentes de las cuatro entidades que conforman la Mesa de Enlace, con quienes acordaron avanzar en cambios en materia de financiamiento, la liberaci\u00f3n de las exportaciones de carne a China y la conformaci\u00f3n de una mesa de trabajo t\u00e9cnica antes de fin de a\u00f1o.<\/strong><\/span><\/h4>\n<div id=\"attachment_98326\" style=\"width: 300px\" class=\"wp-caption alignleft\"><a style=\"color: #000000;\" href=\"http:\/\/vinasfm.com\/noticias\/wp-content\/uploads\/2021\/09\/web-20210929-mesa-de-enlace-gobierno-telam.jpg\"><img loading=\"lazy\" decoding=\"async\" aria-describedby=\"caption-attachment-98326\" class=\"wp-image-98326 size-medium\" src=\"http:\/\/vinasfm.com\/noticias\/wp-content\/uploads\/2021\/09\/web-20210929-mesa-de-enlace-gobierno-telam-300x200.jpg\" alt=\"\" width=\"300\" height=\"200\" srcset=\"https:\/\/vinasfm.com\/noticias\/wp-content\/uploads\/2021\/09\/web-20210929-mesa-de-enlace-gobierno-telam-300x200.jpg 300w, https:\/\/vinasfm.com\/noticias\/wp-content\/uploads\/2021\/09\/web-20210929-mesa-de-enlace-gobierno-telam-1024x683.jpg 1024w, https:\/\/vinasfm.com\/noticias\/wp-content\/uploads\/2021\/09\/web-20210929-mesa-de-enlace-gobierno-telam-768x512.jpg 768w, https:\/\/vinasfm.com\/noticias\/wp-content\/uploads\/2021\/09\/web-20210929-mesa-de-enlace-gobierno-telam.jpg 1200w\" sizes=\"auto, (max-width: 300px) 100vw, 300px\" \/><\/a><p id=\"caption-attachment-98326\" class=\"wp-caption-text\"><span style=\"color: #000000;\">Reuni\u00f3n en el Ministerio de Agricultura.<\/span><\/p><\/div>\n<p><span style=\"color: #000000;\">Por parte de la mesa de enlace, participaron los presidentes de la <strong>Federaci\u00f3n Agraria Argentina, Carlos Achetoni<\/strong>, de la <strong>Sociedad Rural Argentina, Nicol\u00e1s Pino<\/strong>, de la <strong>Confederaciones Rurales Argentinas, Jorge Chemes<\/strong>, y de la <strong>Confederaci\u00f3n Intercooperativa Agropecuaria<\/strong> (Coninagro), <strong>Elbio Laucirica.<\/strong><\/span><\/p>\n<p><span style=\"color: #000000;\">En di\u00e1logo con <strong>F.M. VI\u00d1AS<\/strong> el <strong>Presidente de Federaci\u00f3n Agraria Argentina Carlos Achetoni<\/strong> se refiri\u00f3 a la reuni\u00f3n que sostuvieron con el Gobierno Nacional: &#8216;<strong><em>Las expectativas no se han cumplido porque pretend\u00edamos una apertura total pero ha sido importante el destino de China con la vaca de descarta generando la apertura para el mercado de las zonas \u00e1ridas<\/em><\/strong>&#8216;, expres\u00f3, y en la misma l\u00ednea asegur\u00f3 que a partir del pr\u00f3ximo lunes 4 de octubre se concretar\u00e1 la apertura.<\/span><\/p>\n<p><span style=\"color: #000000;\">El encuentro, que tuvo lugar en la sede central del <strong>Ministerio de Agricultura, Ganader\u00eda y Pesca<\/strong>, termin\u00f3 con la firma de un acta que consta de cuatro puntos: &#8216;<strong><em>Las dos principales resoluciones fueron la apertura de exportaciones de carne vacuna a China y la resoluci\u00f3n 7018, del Banco Central, que limitaba el acceso a cr\u00e9ditos subsidiados a aquellas empresas que mantengan un acopio de su producci\u00f3n de trigo y\/o soja por un valor superior al 5% de su capacidad de cosecha anual<\/em><\/strong>&#8216;, indic\u00f3 el productor.<\/span><\/p>\n<p><span style=\"color: #000000;\">Otro de los puntos abordados fue la de &#8216;<strong><em>dar continuidad y seguimiento a trav\u00e9s de una mesa de trabajo entre t\u00e9cnicos de las entidades agropecuarias y del Ministerio<\/em><\/strong>&#8216;, agreg\u00f3 y asegur\u00f3 que &#8216;<strong><em>quedan temas como econom\u00edas regionales, lecher\u00eda, retenciones entre otras aristas que hay que seguir trabajando y est\u00e1n en agenda<\/em><\/strong>&#8216;.<\/span><\/p>\n<p><span style=\"color: #000000;\">Consultado si este acuerdo va a incidir en el precio de la carne, Achetoni explic\u00f3 que &#8216;<strong><em>no deber\u00eda porque es un animal que no se consume en el mercado interno&#8217;,<\/em><\/strong> y vaticin\u00f3:<strong><em> &#8216;Lo que si puede suceder es que ante la ca\u00edda del consumo interno, los feed loot que han estado trabajando a media m\u00e1quina se vean comprometidos con el stock si hay inyecci\u00f3n de dinero&#8217;.<\/em><\/strong><\/span><\/p>\n<p><span style=\"color: #000000;\">Respecto a los temas que competen a las econom\u00edas de nuestra regi\u00f3n, resalt\u00f3 que principalmente son &#8216;<strong><em>las emergencias que no tienen fondos por lo que hay que generarlos y ver c\u00f3mo darle previsibilidad a las producciones porque se le paga poco al productor a diferencia de lo que paga el comprados<\/em><\/strong>&#8216;. Asimismo, destac\u00f3 que presentaron una propuesta de pol\u00edtica p\u00fablica que consiste en la <strong>comercializaci\u00f3n de mercados cortos, compras p\u00fablicas y mercado virtual<\/strong>.\u00a0<\/span><\/p>\n<p><span style=\"color: #000000;\">&#8216;<strong><em>Hay que reconocer que hay una alta inflaci\u00f3n y un Estado ancho donde no hay recursos que alcancen<\/em><\/strong>&#8216;, evalu\u00f3 y para solucionar estos problemas econ\u00f3micos que atraviesa el pa\u00eds consign\u00f3 que <strong><em>&#8216;se deben generar actividades privadas que promuevan el empleo sino la presi\u00f3n impositiva afecta a todos ante la alta demanda<\/em><\/strong>&#8216;.\u00a0<\/span><\/p>\n<h5><span style=\"color: #000000;\"><strong>\u2022F.B. (F.M. Vi\u00f1as).<\/strong><\/span><\/h5>\n","protected":false},"excerpt":{"rendered":"<p>El ministro de Agricultura Juli\u00e1n Dom\u00ednguez, el jefe de Gabinete Juan Manzur, gobernadores de cinco provincias y otros representantes del gobierno &#8230;<\/p>\n","protected":false},"author":8,"featured_media":98325,"comment_status":"open","ping_status":"open","sticky":false,"template":"","format":"standard","meta":{"footnotes":""},"categories":[5,14],"tags":[],"class_list":["post-98324","post","type-post","status-publish","format-standard","has-post-thumbnail","hentry","category-actualidad","category-agro"],"_links":{"self":[{"href":"https:\/\/vinasfm.com\/noticias\/wp-json\/wp\/v2\/posts\/98324","targetHints":{"allow":["GET"]}}],"collection":[{"href":"https:\/\/vinasfm.com\/noticias\/wp-json\/wp\/v2\/posts"}],"about":[{"href":"https:\/\/vinasfm.com\/noticias\/wp-json\/wp\/v2\/types\/post"}],"author":[{"embeddable":true,"href":"https:\/\/vinasfm.com\/noticias\/wp-json\/wp\/v2\/users\/8"}],"replies":[{"embeddable":true,"href":"https:\/\/vinasfm.com\/noticias\/wp-json\/wp\/v2\/comments?post=98324"}],"version-history":[{"count":3,"href":"https:\/\/vinasfm.com\/noticias\/wp-json\/wp\/v2\/posts\/98324\/revisions"}],"predecessor-version":[{"id":98331,"href":"https:\/\/vinasfm.com\/noticias\/wp-json\/wp\/v2\/posts\/98324\/revisions\/98331"}],"wp:featuredmedia":[{"embeddable":true,"href":"https:\/\/vinasfm.com\/noticias\/wp-json\/wp\/v2\/media\/98325"}],"wp:attachment":[{"href":"https:\/\/vinasfm.com\/noticias\/wp-json\/wp\/v2\/media?parent=98324"}],"wp:term":[{"taxonomy":"category","embeddable":true,"href":"https:\/\/vinasfm.com\/noticias\/wp-json\/wp\/v2\/categories?post=98324"},{"taxonomy":"post_tag","embeddable":true,"href":"https:\/\/vinasfm.com\/noticias\/wp-json\/wp\/v2\/tags?post=98324"}],"curies":[{"name":"wp","href":"https:\/\/api.w.org\/{rel}","templated":true}]}}