{"id":98320,"date":"2021-09-30T00:20:10","date_gmt":"2021-09-30T03:20:10","guid":{"rendered":"http:\/\/vinasfm.com\/noticias\/?p=98320"},"modified":"2021-09-30T10:27:44","modified_gmt":"2021-09-30T13:27:44","slug":"iscamen-emitio-alerta-para-el-control-de-la-plaga-de-grafolita","status":"publish","type":"post","link":"https:\/\/vinasfm.com\/noticias\/iscamen-emitio-alerta-para-el-control-de-la-plaga-de-grafolita\/","title":{"rendered":"ISCAMEN EMITI\u00d3 ALERTA PARA EL CONTROL DE LA PLAGA DE GRAFOLITA"},"content":{"rendered":"<h4><span style=\"color: #000000;\"><strong>El Instituto de Sanidad y Calidad Agroalimentaria de Mendoza (Iscamen) emite avisos de alerta zonales, los cuales son una referencia t\u00e9cnica para la realizaci\u00f3n de tratamientos. Sin embargo, las fechas indicadas de tratamientos deben ser ajustadas a las condiciones particulares de cada monte frutal e insecticida a utilizar.<\/strong><\/span><\/h4>\n<ul>\n<li><span style=\"color: #000000;\">Oasis Noreste y <strong>General Alvear<\/strong>: los productores de los departamentos de Lavalle, Las Heras, Guaymall\u00e9n, Maip\u00fa, Luj\u00e1n, San Mart\u00edn, Rivadavia, Santa Rosa, Jun\u00edn, La Paz y General Alvear deben finalizar los tratamientos de control el 2 de octubre.<\/span><\/li>\n<li><span style=\"color: #000000;\">San Rafael: las fincas ubicadas en el departamento deben concluir las aplicaciones el 4 de octubre.<\/span><\/li>\n<li><span style=\"color: #000000;\">Valle de Uco: para el caso de los departamentos de Tunuy\u00e1n, Tupungato y San Carlos, los tratamientos deben finalizar el 8 de octubre.<\/span><\/li>\n<\/ul>\n<p><span style=\"color: #000000;\">Las fechas l\u00edmite est\u00e1n pensadas para<strong> insecticidas que act\u00faan sobre larvas (larvicidas)<\/strong>. Si el producto a utilizar act\u00faa sobre las posturas (ovicida) o mezclas de ovicidas con larvicidas, las aplicaciones deber\u00edan adelantarse.<\/span><\/p>\n<p><span style=\"color: #000000;\">Por otro lado, se recuerda consultar el pron\u00f3stico del tiempo antes de realizar las aplicaciones y utilizar los elementos de protecci\u00f3n necesarios. Una vez finalizada la aplicaci\u00f3n del producto fitosanitario, realice la t\u00e9cnica del triple lavado y entregue los elementos en los centros de acopio autorizados, para evitar riesgos de contaminaci\u00f3n.\u00a0<\/span><\/p>\n","protected":false},"excerpt":{"rendered":"<p>El Instituto de Sanidad y Calidad Agroalimentaria de Mendoza (Iscamen) emite avisos de alerta zonales, los cuales son una referencia t\u00e9cnica &#8230;<\/p>\n","protected":false},"author":8,"featured_media":98321,"comment_status":"open","ping_status":"open","sticky":false,"template":"","format":"standard","meta":{"footnotes":""},"categories":[5,35],"tags":[],"class_list":["post-98320","post","type-post","status-publish","format-standard","has-post-thumbnail","hentry","category-actualidad","category-iscamen"],"_links":{"self":[{"href":"https:\/\/vinasfm.com\/noticias\/wp-json\/wp\/v2\/posts\/98320","targetHints":{"allow":["GET"]}}],"collection":[{"href":"https:\/\/vinasfm.com\/noticias\/wp-json\/wp\/v2\/posts"}],"about":[{"href":"https:\/\/vinasfm.com\/noticias\/wp-json\/wp\/v2\/types\/post"}],"author":[{"embeddable":true,"href":"https:\/\/vinasfm.com\/noticias\/wp-json\/wp\/v2\/users\/8"}],"replies":[{"embeddable":true,"href":"https:\/\/vinasfm.com\/noticias\/wp-json\/wp\/v2\/comments?post=98320"}],"version-history":[{"count":2,"href":"https:\/\/vinasfm.com\/noticias\/wp-json\/wp\/v2\/posts\/98320\/revisions"}],"predecessor-version":[{"id":98323,"href":"https:\/\/vinasfm.com\/noticias\/wp-json\/wp\/v2\/posts\/98320\/revisions\/98323"}],"wp:featuredmedia":[{"embeddable":true,"href":"https:\/\/vinasfm.com\/noticias\/wp-json\/wp\/v2\/media\/98321"}],"wp:attachment":[{"href":"https:\/\/vinasfm.com\/noticias\/wp-json\/wp\/v2\/media?parent=98320"}],"wp:term":[{"taxonomy":"category","embeddable":true,"href":"https:\/\/vinasfm.com\/noticias\/wp-json\/wp\/v2\/categories?post=98320"},{"taxonomy":"post_tag","embeddable":true,"href":"https:\/\/vinasfm.com\/noticias\/wp-json\/wp\/v2\/tags?post=98320"}],"curies":[{"name":"wp","href":"https:\/\/api.w.org\/{rel}","templated":true}]}}