{"id":98236,"date":"2021-09-29T10:30:48","date_gmt":"2021-09-29T13:30:48","guid":{"rendered":"http:\/\/vinasfm.com\/noticias\/?p=98236"},"modified":"2021-09-29T18:37:00","modified_gmt":"2021-09-29T21:37:00","slug":"se-produjeron-dos-accidentes-de-transito-de-caracter-leve-en-ciudad","status":"publish","type":"post","link":"https:\/\/vinasfm.com\/noticias\/se-produjeron-dos-accidentes-de-transito-de-caracter-leve-en-ciudad\/","title":{"rendered":"SE PRODUJERON DOS ACCIDENTES DE TR\u00c1NSITO DE CAR\u00c1CTER LEVE EN CIUDAD"},"content":{"rendered":"<h4><span style=\"color: #000000;\"><strong>Durante la ma\u00f1ana de este martes, se registraron dos accidentes de tr\u00e1nsito en nuestro departamento y desde Polic\u00eda Vial informaron a F.M. Vi\u00f1as sobre la mec\u00e1nica de ambos siniestros que afortunadamente fueron de car\u00e1cter leve.<\/strong><\/span><\/h4>\n<p><span style=\"color: #000000;\">El primero se produjo <strong>alrededor de las 7:45hs<\/strong> en la <strong>intersecci\u00f3n de calles Chacabuco y Estanislao Salas<\/strong>, en B\u00b0 San Carlos. Este hecho fue protagonizado por una <strong>camioneta marca VW Amarok<\/strong>, al mando de un hombre mayor de edad, y una <strong>motocicleta marca Corven<\/strong> en la que transitaban dos mujeres.<\/span><\/p>\n<p><span style=\"color: #000000;\"><strong>La camioneta circulaba por calle Chacabuco<\/strong> de oeste a este y<strong> al llegar a la intersecci\u00f3n con Estanislao Salas intent\u00f3 doblar hacia el norte pero colision\u00f3 al rodado menor<\/strong> que<strong> se desplazaba por Estanislao Salas<\/strong> en direcci\u00f3n al sur. <strong>Producto del impacto ambas mujeres resultaron con lesiones leves<\/strong>.<\/span><\/p>\n<p><span style=\"color: #000000;\">Por otra parte, la esquina de<strong> Diagonal Carlos Pellegrini y calle Pedro Escud\u00e9<\/strong> volvi\u00f3 a ser escenario de un accidente. Los conductores de un <strong>Fiat Duna<\/strong> y <strong>una camioneta<\/strong> resultaron ilesos tras impactar en dicha esquina pese a estar regulada la circulaci\u00f3n por un equipo semaf\u00f3rico.<\/span><\/p>\n<h5><span style=\"color: #000000;\">\u2022F.B. (F.M. Vi\u00f1as).<\/span><\/h5>\n","protected":false},"excerpt":{"rendered":"<p>Durante la ma\u00f1ana de este martes, se registraron dos accidentes de tr\u00e1nsito en nuestro departamento y desde Polic\u00eda Vial informaron a &#8230;<\/p>\n","protected":false},"author":8,"featured_media":77405,"comment_status":"open","ping_status":"open","sticky":false,"template":"","format":"standard","meta":{"footnotes":""},"categories":[5,4],"tags":[],"class_list":["post-98236","post","type-post","status-publish","format-standard","has-post-thumbnail","hentry","category-actualidad","category-policiales"],"_links":{"self":[{"href":"https:\/\/vinasfm.com\/noticias\/wp-json\/wp\/v2\/posts\/98236","targetHints":{"allow":["GET"]}}],"collection":[{"href":"https:\/\/vinasfm.com\/noticias\/wp-json\/wp\/v2\/posts"}],"about":[{"href":"https:\/\/vinasfm.com\/noticias\/wp-json\/wp\/v2\/types\/post"}],"author":[{"embeddable":true,"href":"https:\/\/vinasfm.com\/noticias\/wp-json\/wp\/v2\/users\/8"}],"replies":[{"embeddable":true,"href":"https:\/\/vinasfm.com\/noticias\/wp-json\/wp\/v2\/comments?post=98236"}],"version-history":[{"count":2,"href":"https:\/\/vinasfm.com\/noticias\/wp-json\/wp\/v2\/posts\/98236\/revisions"}],"predecessor-version":[{"id":98294,"href":"https:\/\/vinasfm.com\/noticias\/wp-json\/wp\/v2\/posts\/98236\/revisions\/98294"}],"wp:featuredmedia":[{"embeddable":true,"href":"https:\/\/vinasfm.com\/noticias\/wp-json\/wp\/v2\/media\/77405"}],"wp:attachment":[{"href":"https:\/\/vinasfm.com\/noticias\/wp-json\/wp\/v2\/media?parent=98236"}],"wp:term":[{"taxonomy":"category","embeddable":true,"href":"https:\/\/vinasfm.com\/noticias\/wp-json\/wp\/v2\/categories?post=98236"},{"taxonomy":"post_tag","embeddable":true,"href":"https:\/\/vinasfm.com\/noticias\/wp-json\/wp\/v2\/tags?post=98236"}],"curies":[{"name":"wp","href":"https:\/\/api.w.org\/{rel}","templated":true}]}}