{"id":98178,"date":"2021-09-28T00:57:33","date_gmt":"2021-09-28T03:57:33","guid":{"rendered":"http:\/\/vinasfm.com\/noticias\/?p=98178"},"modified":"2021-09-28T12:38:34","modified_gmt":"2021-09-28T15:38:34","slug":"hoy-la-escuela-alas-argentinas-celebra-sus-85-anos-de-vida","status":"publish","type":"post","link":"https:\/\/vinasfm.com\/noticias\/hoy-la-escuela-alas-argentinas-celebra-sus-85-anos-de-vida\/","title":{"rendered":"HOY, LA ESCUELA &#8216;ALAS ARGENTINAS&#8217; CELEBRA SUS 85 A\u00d1OS DE VIDA"},"content":{"rendered":"<div class=\"o9v6fnle cxmmr5t8 oygrvhab hcukyx3x c1et5uql ii04i59q\">\n<div dir=\"auto\"><strong><span style=\"color: #000000;\">Por fines de la d\u00e9cada de 1920, todav\u00eda era alta la cantidad de ni\u00f1os que abandonaban la escuela despu\u00e9s de haber cursado los primeros grados. Muchos de ellos lo hac\u00edan para contribuir al sostenimiento del hogar o para ayudar en el cumplimiento de las tareas dom\u00e9sticas, por lo que el gobierno provincial de aquellos a\u00f1os, liderado por el conservador Rodolfo Corominas Segura, consider\u00f3 necesario tomar algunas acciones r\u00e1pidas con el objetivo de aminorar las crecidas proporciones que alcanzaba el problema del semi-analfabetismo en la provincia, situaci\u00f3n que era muy evidente en los ni\u00f1os provenientes de sectores rurales, de padres peones del agro mendocino o hijos de inmigrantes que colaboraban con las familias en las tareas de consolidar una mejor posici\u00f3n socio econ\u00f3mica de las mismas en las respectivas sociedades departamentales.<\/span><\/strong><\/div>\n<\/div>\n<div class=\"o9v6fnle cxmmr5t8 oygrvhab hcukyx3x c1et5uql ii04i59q\">\n<div dir=\"auto\"><\/div>\n<div dir=\"auto\"><strong><span style=\"color: #000000;\">Es decir que, 50 a\u00f1os despu\u00e9s de la sanci\u00f3n de la Ley 1420, el analfabetismo y el semi-analfabetismo pod\u00eda considerarse un problema estructural que s\u00f3lo se resolver\u00eda si se mejoraba el nivel socioecon\u00f3mico de la poblaci\u00f3n y se adoptaban medidas de impacto en la creaci\u00f3n de nuevas instancias educativas, m\u00e1s que nada en los sectores rurales de la provincia.<\/span><\/strong><\/div>\n<\/div>\n<div class=\"o9v6fnle cxmmr5t8 oygrvhab hcukyx3x c1et5uql ii04i59q\">\n<div dir=\"auto\"><\/div>\n<div dir=\"auto\"><strong><span style=\"color: #000000;\">Atentos a esta situaci\u00f3n, se van creando nuevas instituciones educativas, como por ejemplo la fundaci\u00f3n por decreto de la Universidad Nacional de Cuyo, en el a\u00f1o 1939, instituci\u00f3n que los mendocinos deseaban tener desde hac\u00eda muchos a\u00f1os y la puesta en funcionamiento de numerosas peque\u00f1as escuelas en sectores agr\u00edcolas, tal es el caso de la escuela \u201cAlas Argentinas\u201d, la cual no surge con esta denominaci\u00f3n.<\/span><\/strong><\/div>\n<\/div>\n<div class=\"o9v6fnle cxmmr5t8 oygrvhab hcukyx3x c1et5uql ii04i59q\">\n<div dir=\"auto\"><\/div>\n<div dir=\"auto\"><strong><span style=\"color: #000000;\">Naci\u00f3 humildemente el 28 de septiembre de 1936, cuando don Oscar Ronchetti, su primer director, abri\u00f3 sus puertas a las inquietudes educativas de los ni\u00f1os de la zona. Luego siguieron dirigiendo el establecimiento educativo de calle Jorge Sim\u00f3n, docentes como: Amalia Bellandi de Vald\u00e9s, Lidia de Carruthers, Yolanda Gatica de Sim\u00f3n, Silvia Agazzoni, Elsa Scilironi de Cetra \u201cNina\u201d, entre otras esforzadas docentes hasta la actualidad.<\/span><\/strong><\/div>\n<\/div>\n<div class=\"o9v6fnle cxmmr5t8 oygrvhab hcukyx3x c1et5uql ii04i59q\">\n<div dir=\"auto\"><\/div>\n<div dir=\"auto\"><strong><span style=\"color: #000000;\">Aquella primigenia escuela comenz\u00f3 sus actividades en un peque\u00f1o edificio ubicado en el paraje rural denominado \u201cEl Ventarr\u00f3n\u201d, hacia el noroeste del Juncalito. La misma solo contaba con un par de aulas, pero ansias de progreso y docentes con una f\u00e9rrea voluntad de ense\u00f1ar, lo que le permitir\u00e1 consolidarse como el puntal educativo de la zona.<\/span><\/strong><\/div>\n<\/div>\n<div class=\"o9v6fnle cxmmr5t8 oygrvhab hcukyx3x c1et5uql ii04i59q\">\n<div dir=\"auto\"><\/div>\n<div dir=\"auto\"><strong><span style=\"color: #000000;\">Con los a\u00f1os la comunidad educativa va a vivir un incremento sustancial de su alumnado debiendo continuar sus actividades en un edificio ubicado en calle Uspallata, y luego trasladarse a una nueva y confortable edificaci\u00f3n escolar ubicada en diagonal Jorge Sim\u00f3n, donde permanece hasta el d\u00eda de hoy.<\/span><\/strong><\/div>\n<\/div>\n<div class=\"o9v6fnle cxmmr5t8 oygrvhab hcukyx3x c1et5uql ii04i59q\">\n<div dir=\"auto\"><\/div>\n<div dir=\"auto\"><strong><span style=\"color: #000000;\">El Aeroclub de General Alvear apadrina la escuela \u201cAlas Argentinas\u201d, colaborando en distintas oportunidades con \u00fatiles escolares y realizando vuelos de bautismo a sus alumnos, o integrados a diferentes actividades que lleva adelante la instituci\u00f3n.<\/span><\/strong><\/div>\n<\/div>\n<div class=\"o9v6fnle cxmmr5t8 oygrvhab hcukyx3x c1et5uql ii04i59q\">\n<div dir=\"auto\"><\/div>\n<div dir=\"auto\"><strong><span style=\"color: #000000;\">Es por ello que esta querida escuela, se\u00f1era de la educaci\u00f3n en el oeste de la ciudad, lleva su nombre en homenaje a la aviaci\u00f3n argentina, homenaje m\u00e1s que merecido teniendo en cuenta que las \u201cAlas Argentinas\u201d, se han cubierto de gloria ante la admiraci\u00f3n del mundo por su coraje, capacidad t\u00e9cnica y responsabilidad.<\/span><\/strong><\/div>\n<\/div>\n<div class=\"o9v6fnle cxmmr5t8 oygrvhab hcukyx3x c1et5uql ii04i59q\">\n<div dir=\"auto\"><\/div>\n<div dir=\"auto\"><strong><span style=\"color: #000000;\">Algunos de los maestros, que supieron poblar sus aulas y dar lo mejor de s\u00ed para la educaci\u00f3n de los ni\u00f1os de esta gran barriada alvearense dejaron su sello, entre ellos podemos mencionar a: Sara de Montaldi, Liliana Elda Rubio, Graciela G. de \u00c1lvarez, N\u00e9lida Hern\u00e1ndez de Salvador, Gladys E. de Hidalgo, Evelina Mart\u00ednez, Blanca G. de Giordano, Velia Massa, Mirta B. de Volpara, Viviana Os\u00e9s, Sonia G. de Ferraro. Adem\u00e1s de Delia Hern\u00e1ndez de Triguez, Noelia de Azor, Lidia H. de Bujald\u00f3n, N\u00e9lida Ponce, Alicia de Andr\u00e9, Beatriz de Azcona, Ester de Kaluk, Margarita de Torres, Graciela Skarojod, Marta Guajardo y Nancy \u00c1lvarez.<\/span><\/strong><\/div>\n<\/div>\n<div class=\"o9v6fnle cxmmr5t8 oygrvhab hcukyx3x c1et5uql ii04i59q\">\n<div dir=\"auto\"><\/div>\n<div dir=\"auto\"><strong><span style=\"color: #000000;\">Recodar tambi\u00e9n a entra\u00f1ables y queridas celadoras, que con su trabajo se ganaron el afecto de los ni\u00f1os y docentes de la escuela, como por ejemplo do\u00f1a Delia F. de Becerra.<\/span><\/strong><\/div>\n<\/div>\n<div class=\"o9v6fnle cxmmr5t8 oygrvhab hcukyx3x c1et5uql ii04i59q\">\n<div dir=\"auto\"><\/div>\n<div dir=\"auto\"><strong><span style=\"color: #000000;\">Seguramente a muchas de ellas, como a miles de alumnos que transitaron sus aulas, cuando miran hacia atr\u00e1s, se le llenan los ojos de l\u00e1grimas. Pero no de tristeza, sino de emoci\u00f3n, es que esta escuela, afincada en un sector netamente rural en sus inicios, hoy ya completamente urbanizado, cumple un rol m\u00e1s que importante en la vida de quienes lo habitan. Esta escuela es fundamental como factor de cohesi\u00f3n social, superando la mera instancia educativa, es una puerta de acceso al futuro de cientos de chicos que a diario llegan a sus aulas y que adem\u00e1s logran la propia identificaci\u00f3n y sentido de pertenencia con su escuela, la querida \u201cAlas Argentinas\u201d.<\/span><\/strong><\/div>\n<\/div>\n<h5 dir=\"auto\"><strong>Fuente: Cr\u00f3nicas Departamentales.<\/strong><\/h5>\n","protected":false},"excerpt":{"rendered":"<p>Por fines de la d\u00e9cada de 1920, todav\u00eda era alta la cantidad de ni\u00f1os que abandonaban la escuela despu\u00e9s de haber &#8230;<\/p>\n","protected":false},"author":8,"featured_media":98179,"comment_status":"open","ping_status":"open","sticky":false,"template":"","format":"standard","meta":{"footnotes":""},"categories":[5,27],"tags":[],"class_list":["post-98178","post","type-post","status-publish","format-standard","has-post-thumbnail","hentry","category-actualidad","category-efemerides"],"_links":{"self":[{"href":"https:\/\/vinasfm.com\/noticias\/wp-json\/wp\/v2\/posts\/98178","targetHints":{"allow":["GET"]}}],"collection":[{"href":"https:\/\/vinasfm.com\/noticias\/wp-json\/wp\/v2\/posts"}],"about":[{"href":"https:\/\/vinasfm.com\/noticias\/wp-json\/wp\/v2\/types\/post"}],"author":[{"embeddable":true,"href":"https:\/\/vinasfm.com\/noticias\/wp-json\/wp\/v2\/users\/8"}],"replies":[{"embeddable":true,"href":"https:\/\/vinasfm.com\/noticias\/wp-json\/wp\/v2\/comments?post=98178"}],"version-history":[{"count":4,"href":"https:\/\/vinasfm.com\/noticias\/wp-json\/wp\/v2\/posts\/98178\/revisions"}],"predecessor-version":[{"id":98204,"href":"https:\/\/vinasfm.com\/noticias\/wp-json\/wp\/v2\/posts\/98178\/revisions\/98204"}],"wp:featuredmedia":[{"embeddable":true,"href":"https:\/\/vinasfm.com\/noticias\/wp-json\/wp\/v2\/media\/98179"}],"wp:attachment":[{"href":"https:\/\/vinasfm.com\/noticias\/wp-json\/wp\/v2\/media?parent=98178"}],"wp:term":[{"taxonomy":"category","embeddable":true,"href":"https:\/\/vinasfm.com\/noticias\/wp-json\/wp\/v2\/categories?post=98178"},{"taxonomy":"post_tag","embeddable":true,"href":"https:\/\/vinasfm.com\/noticias\/wp-json\/wp\/v2\/tags?post=98178"}],"curies":[{"name":"wp","href":"https:\/\/api.w.org\/{rel}","templated":true}]}}