{"id":98160,"date":"2021-09-29T03:00:52","date_gmt":"2021-09-29T06:00:52","guid":{"rendered":"http:\/\/vinasfm.com\/noticias\/?p=98160"},"modified":"2021-09-29T11:17:13","modified_gmt":"2021-09-29T14:17:13","slug":"avanza-la-construccion-y-urbanizacion-de-barrios-en-alvear","status":"publish","type":"post","link":"https:\/\/vinasfm.com\/noticias\/avanza-la-construccion-y-urbanizacion-de-barrios-en-alvear\/","title":{"rendered":"AVANZA LA CONSTRUCCI\u00d3N Y URBANIZACI\u00d3N DE BARRIOS EN ALVEAR"},"content":{"rendered":"<h4><span style=\"color: #000000;\"><strong>Desde la Direcci\u00f3n de Vivienda departamental han avanzado en la urbanizaci\u00f3n de los barrios, apertura de pasajes y re-localizaciones de diferentes zonas. En este sentido, Fabi\u00e1n Gim\u00e9nez destac\u00f3 la l\u00ednea de trabajo que contin\u00faa con el objetivo de que los alvearenses accedan a la vivienda propia.<\/strong><\/span><\/h4>\n<p><span style=\"color: #000000;\">La <strong>Direcci\u00f3n de Viviendas<\/strong> ha trabajado intensamente en la urbanizaci\u00f3n de General Alvear con la realizaci\u00f3n de colectores y desagotes en barrios como Isla <strong>Gorostiague, La Costa del Atuel, Los Ranqueles<\/strong> y <strong>San Miguel Arc\u00e1ngel<\/strong>. Adem\u00e1s, <strong>el pasado 12 de Agosto se realiz\u00f3 la entrega del Barrio Alimentaci\u00f3n V<\/strong> y se contin\u00faa trabajando para el inicio de las obras de dos barrios en nuestro departamento las empresas ya trabajan en la zona.<\/span><\/p>\n<div id=\"attachment_83008\" style=\"width: 300px\" class=\"wp-caption alignleft\"><a style=\"color: #000000;\" href=\"http:\/\/vinasfm.com\/noticias\/wp-content\/uploads\/2020\/12\/fabian_gimenez.png\"><img loading=\"lazy\" decoding=\"async\" aria-describedby=\"caption-attachment-83008\" class=\"size-medium wp-image-83008\" src=\"http:\/\/vinasfm.com\/noticias\/wp-content\/uploads\/2020\/12\/fabian_gimenez-300x204.png\" alt=\"\" width=\"300\" height=\"204\" srcset=\"https:\/\/vinasfm.com\/noticias\/wp-content\/uploads\/2020\/12\/fabian_gimenez-300x204.png 300w, https:\/\/vinasfm.com\/noticias\/wp-content\/uploads\/2020\/12\/fabian_gimenez-768x523.png 768w, https:\/\/vinasfm.com\/noticias\/wp-content\/uploads\/2020\/12\/fabian_gimenez.png 816w\" sizes=\"auto, (max-width: 300px) 100vw, 300px\" \/><\/a><p id=\"caption-attachment-83008\" class=\"wp-caption-text\"><span style=\"color: #000000;\">Fabi\u00e1n Gim\u00e9nez, Director de Viviendas<\/span><\/p><\/div>\n<p><span style=\"color: #000000;\">Sobre estas nuevas obras, en di\u00e1logo con<strong> F.M. VI\u00d1AS<\/strong>, el<strong> Director de Vivienda Fabi\u00e1n Gim\u00e9nez:<\/strong><em><strong> &#8216;Est\u00e1 todo el proceso, o sea los barrios ya comenzaron, pero est\u00e1n en las primeras etapas que llevan un mes y ya empresas en la pr\u00f3xima semana tambi\u00e9n van a empezar a contratar a la gente para trabajar&#8217;.<\/strong><\/em> En el <strong>Barrio Don Valent\u00edn<\/strong> la urbanizaci\u00f3n ya est\u00e1 lista yqueda la construcci\u00f3n de las casas y en el caso de Malvinas Argentinas que son 74 viviendas hay una parcialidad de las obras de urbanizaci\u00f3n.<\/span><\/p>\n<p><span style=\"color: #000000;\">Por otra para, anunci\u00f3 algunos proyectos en carpeta.<strong><em> &#8216;Hemos elevado los proyectos, hubo un poco de retraso en cuanto a la documentaci\u00f3n de lo que es el Barrio el Nevado, El Juncalito II\u00a0 y Luz y Fuerza. Y tambi\u00e9n ya se ha enviado toda la parte social. As\u00ed que ya el lunes se env\u00eda a Mendoza lo que es la parte t\u00e9cnica y la parte notarial, para ser licitado y Vi\u00f1as del Oeste se encuentra en el mismo estado&#8217;<\/em><\/strong>, resalt\u00f3.<\/span><\/p>\n<p><span style=\"color: #000000;\">Y con el objetivo, de que m\u00e1s alvearenses accedan a la vivienda propia, se largaron programaos con los que la Municipalidad ya trabaja. &#8216;<strong><em>&#8216;Mejor\u00e1 tu vivienda&#8217; lo manejamos desde el municipio y tambi\u00e9n hay mucho trabajo porque ya tenemos cerca de 250 familias a las cuales hay que visitar. Tiene que ir el t\u00e9cnico y tiene que ir la trabajadora social para hacer el relevamiento y ver si est\u00e1 todo lo que la gente est\u00e1 planteando&#8217;<\/em><\/strong>, remarc\u00f3 Gim\u00e9nez.\u00a0<\/span><\/p>\n<h5><span style=\"color: #000000;\"><strong>\u2022C.F.<\/strong><\/span><\/h5>\n","protected":false},"excerpt":{"rendered":"<p>Desde la Direcci\u00f3n de Vivienda departamental han avanzado en la urbanizaci\u00f3n de los barrios, apertura de pasajes y re-localizaciones de diferentes &#8230;<\/p>\n","protected":false},"author":7,"featured_media":95425,"comment_status":"open","ping_status":"open","sticky":false,"template":"","format":"standard","meta":{"footnotes":""},"categories":[5,10],"tags":[],"class_list":["post-98160","post","type-post","status-publish","format-standard","has-post-thumbnail","hentry","category-actualidad","category-destacadas"],"_links":{"self":[{"href":"https:\/\/vinasfm.com\/noticias\/wp-json\/wp\/v2\/posts\/98160","targetHints":{"allow":["GET"]}}],"collection":[{"href":"https:\/\/vinasfm.com\/noticias\/wp-json\/wp\/v2\/posts"}],"about":[{"href":"https:\/\/vinasfm.com\/noticias\/wp-json\/wp\/v2\/types\/post"}],"author":[{"embeddable":true,"href":"https:\/\/vinasfm.com\/noticias\/wp-json\/wp\/v2\/users\/7"}],"replies":[{"embeddable":true,"href":"https:\/\/vinasfm.com\/noticias\/wp-json\/wp\/v2\/comments?post=98160"}],"version-history":[{"count":15,"href":"https:\/\/vinasfm.com\/noticias\/wp-json\/wp\/v2\/posts\/98160\/revisions"}],"predecessor-version":[{"id":98211,"href":"https:\/\/vinasfm.com\/noticias\/wp-json\/wp\/v2\/posts\/98160\/revisions\/98211"}],"wp:featuredmedia":[{"embeddable":true,"href":"https:\/\/vinasfm.com\/noticias\/wp-json\/wp\/v2\/media\/95425"}],"wp:attachment":[{"href":"https:\/\/vinasfm.com\/noticias\/wp-json\/wp\/v2\/media?parent=98160"}],"wp:term":[{"taxonomy":"category","embeddable":true,"href":"https:\/\/vinasfm.com\/noticias\/wp-json\/wp\/v2\/categories?post=98160"},{"taxonomy":"post_tag","embeddable":true,"href":"https:\/\/vinasfm.com\/noticias\/wp-json\/wp\/v2\/tags?post=98160"}],"curies":[{"name":"wp","href":"https:\/\/api.w.org\/{rel}","templated":true}]}}