{"id":98129,"date":"2021-09-28T08:00:47","date_gmt":"2021-09-28T11:00:47","guid":{"rendered":"http:\/\/vinasfm.com\/noticias\/?p=98129"},"modified":"2021-09-28T12:38:06","modified_gmt":"2021-09-28T15:38:06","slug":"la-policia-recupero-en-un-allanamiento-diversos-elementos-robados-y-secuestro-plantas-de-marihuana-hay-un-detenido","status":"publish","type":"post","link":"https:\/\/vinasfm.com\/noticias\/la-policia-recupero-en-un-allanamiento-diversos-elementos-robados-y-secuestro-plantas-de-marihuana-hay-un-detenido\/","title":{"rendered":"LA POLIC\u00cdA RECUPER\u00d3 EN UN ALLANAMIENTO DIVERSOS ELEMENTOS ROBADOS Y SECUESTR\u00d3 PLANTAS DE MARIHUANA: HAY UN DETENIDO"},"content":{"rendered":"<h4><span style=\"color: #000000;\"><strong>En el marco de una investigaci\u00f3n iniciada por parte de Personal de Unidad Investigativa de Gral. Alvear con motivo del hurto de veh\u00edculo cometido en Bowen, el pasado s\u00e1bado se llev\u00f3 a cabo un allanamiento con resultado positivo en una vivienda ubicada en calle 6, al norte de calle Santa Fe.<\/strong><\/span><\/h4>\n<p><span style=\"color: #000000;\">En este lugar se procedi\u00f3 al <strong>secuestro de una <em>chapa patente<\/em><\/strong> y la<strong> aprehensi\u00f3n de un sujeto mayor de edad <\/strong>adem\u00e1s decomisaron <strong><em>dos palas, una carretilla, una desmalezadora, una bordeadora, un pico<\/em><\/strong> y <strong>una cortadora de c\u00e9sped<\/strong>, elementos denunciado como <strong>robados el pasado 21 de junio<\/strong>.<\/span><\/p>\n<p><span style=\"color: #000000;\">Al momento de ejecutarse la medida judicial, se observ\u00f3 tambien <em><strong>una motocicleta marca Motomel 150cc<\/strong><\/em>, color negro, cuyo origen se verific\u00f3 a trav\u00e9s de la Unidad Investigativa Zona Sur, estableci\u00e9ndose que<strong> la misma hab\u00eda sido sustra\u00edda en jurisdicci\u00f3n de Comisaria 8\u00b0 por lo que dispuso su secuestro<\/strong>.<\/span><\/p>\n<p><span style=\"color: #000000;\">Al finalizar la medida se constat\u00f3 el <strong>cultivo de 6 plantines de cannabis sativa<\/strong> por lo que se dio intervenci\u00f3n a <strong>Personal de Lucha contra el Narcotr\u00e1fico<\/strong>.<\/span><\/p>\n<p><span style=\"color: #000000;\">Finalmente, siendo las <strong>15:00hs<\/strong> se hizo presente en sede de la Unidad Investigativa una mujer quien traslad\u00f3 e hizo entrega de una <strong>motocicleta marca Corven Mirage<\/strong>, la cual fue secuestrada conforme directivas de la Ayudante Fiscal en turno.<\/span><\/p>\n<h5><span style=\"color: #000000;\">\u2022F.B. (F.M. Vi\u00f1as).<\/span><\/h5>\n","protected":false},"excerpt":{"rendered":"<p>En el marco de una investigaci\u00f3n iniciada por parte de Personal de Unidad Investigativa de Gral. Alvear con motivo del hurto &#8230;<\/p>\n","protected":false},"author":8,"featured_media":33503,"comment_status":"open","ping_status":"open","sticky":false,"template":"","format":"standard","meta":{"footnotes":""},"categories":[5,4],"tags":[],"class_list":["post-98129","post","type-post","status-publish","format-standard","has-post-thumbnail","hentry","category-actualidad","category-policiales"],"_links":{"self":[{"href":"https:\/\/vinasfm.com\/noticias\/wp-json\/wp\/v2\/posts\/98129","targetHints":{"allow":["GET"]}}],"collection":[{"href":"https:\/\/vinasfm.com\/noticias\/wp-json\/wp\/v2\/posts"}],"about":[{"href":"https:\/\/vinasfm.com\/noticias\/wp-json\/wp\/v2\/types\/post"}],"author":[{"embeddable":true,"href":"https:\/\/vinasfm.com\/noticias\/wp-json\/wp\/v2\/users\/8"}],"replies":[{"embeddable":true,"href":"https:\/\/vinasfm.com\/noticias\/wp-json\/wp\/v2\/comments?post=98129"}],"version-history":[{"count":2,"href":"https:\/\/vinasfm.com\/noticias\/wp-json\/wp\/v2\/posts\/98129\/revisions"}],"predecessor-version":[{"id":98153,"href":"https:\/\/vinasfm.com\/noticias\/wp-json\/wp\/v2\/posts\/98129\/revisions\/98153"}],"wp:featuredmedia":[{"embeddable":true,"href":"https:\/\/vinasfm.com\/noticias\/wp-json\/wp\/v2\/media\/33503"}],"wp:attachment":[{"href":"https:\/\/vinasfm.com\/noticias\/wp-json\/wp\/v2\/media?parent=98129"}],"wp:term":[{"taxonomy":"category","embeddable":true,"href":"https:\/\/vinasfm.com\/noticias\/wp-json\/wp\/v2\/categories?post=98129"},{"taxonomy":"post_tag","embeddable":true,"href":"https:\/\/vinasfm.com\/noticias\/wp-json\/wp\/v2\/tags?post=98129"}],"curies":[{"name":"wp","href":"https:\/\/api.w.org\/{rel}","templated":true}]}}