{"id":97977,"date":"2021-09-24T12:14:34","date_gmt":"2021-09-24T15:14:34","guid":{"rendered":"http:\/\/vinasfm.com\/noticias\/?p=97977"},"modified":"2021-09-24T19:08:39","modified_gmt":"2021-09-24T22:08:39","slug":"continua-el-programa-forestando-mi-ciudad-por-parte-del-municipio","status":"publish","type":"post","link":"https:\/\/vinasfm.com\/noticias\/continua-el-programa-forestando-mi-ciudad-por-parte-del-municipio\/","title":{"rendered":"LANZARON EL PROGRAMA &#8216;FORESTANDO MI CIUDAD&#8217; POR PARTE DEL MUNICIPIO"},"content":{"rendered":"<h4><strong><span style=\"color: #000000;\">El Director de Servicios P\u00fablicos Pablo Reyes y el Director de Gesti\u00f3n Ambiental Rainero Caterbetti brindaron detalles del Programa Forestando mi Ciudad, que tiene el objetivo de incrementar el arbolado p\u00fablico en General Alvear, adem\u00e1s de la poda y la quita de troncos que requieran ser reemplazados.<\/span><\/strong><\/h4>\n<div>\n<p><span style=\"color: #000000;\">El objetivo de este programa es continuar la pol\u00edtica de forestaci\u00f3n que ha tenido esta gesti\u00f3n y, con el objetivo de mejorar la vista y evitar inconvenientes con el arbolado p\u00fablico, <strong>Pablo Reyes<\/strong> explic\u00f3: <em><strong>\u201cHemos visto, luego de las inclemencias clim\u00e1ticas de marzo pasado, casi 100 \u00e1rboles ca\u00eddos, esto habla de la necesidad de hacer mantenimiento al arbolado p\u00fablico, por lo que se ha trabajado en la poda y desrame, principalmente\u201d<\/strong><\/em>.<\/span><\/p>\n<p><span style=\"color: #000000;\">Por otra parte, el funcionario, detall\u00f3 los pasos a seguir: <em><strong>\u201cEn una segunda etapa debemos reforestar, entre las dos direcciones municipales hemos realizado un censo donde hemos notado que hay alrededor de 200 tocones que hay que erradicar y replantar\u201d<\/strong><\/em>. Frente a esta situaci\u00f3n es que el funcionario invit\u00f3 a los vecinos que quieran colaborar, a identificar alg\u00fan un tronco a\u00fan plantado, que d\u00e9 aviso, dado que en quince d\u00edas se va a comenzar a realizar el destoconado, erradicar el toc\u00f3n y r\u00e1pidamente forestar con una especie recomendada.<\/span><\/p>\n<p><span style=\"color: #000000;\">Por su parte, el Director de Gesti\u00f3n Ambiental <strong>Rainero Caterbetti<\/strong> explic\u00f3 que se ha venido trabajando enormemente en forestaci\u00f3n y cortinas forestales en el oasis productivo del Departamento, por lo que se han entregado m\u00e1s de 35.000 estacas a productores locales. <strong><em>\u00abEn esta nueva etapa de forestaci\u00f3n, nos vamos a centrar con la Direcci\u00f3n de Servicios P\u00fablicos y la cooperaci\u00f3n de la Direcci\u00f3n de Recursos Naturales de la Provincia en la forestaci\u00f3n de la Ciudad, dado que el casco urbano ha sufrido deforestaci\u00f3n por falta de mantenimiento y de riego\u00bb<\/em><\/strong>, coment\u00f3.<\/span><\/p>\n<p><span style=\"color: #000000;\">Mediante un trabajo conjunto con la Direcci\u00f3n de Servicios P\u00fablicos se ha estado localizando tocones para luego ir erradicando y reemplazando por nuevos forestales y, sobre esta tarea, <strong>Catterbetti<\/strong> detall\u00f3: <em><strong>\u00abCon el objetivo de poner en valor este patrimonio forestal de General Alvear haremos recambio de forestales secos, de todos los tocones que hay en la Ciudad. Se va a contratar el servicio de Godoy Cruz para el destoconamiento, que se va a hacer por sectores, buscando los tocones m\u00e1s antiguos, que son m\u00e1s cr\u00edticos para el casco urbano\u00bb<\/strong><\/em>.<\/span><\/p>\n<p><span style=\"color: #000000;\">Por \u00faltimo,<strong> es importante recordar que si en la vereda de su casa o comercio falta un \u00e1rbol, puede comunicarse al 2625 59-2131<\/strong>. <strong>Y si a\u00fan est\u00e1 el tronco del \u00e1rbol anterior, mediante el programa, va a ser retirado y se plantar\u00e1 otro \u00e1rbol<\/strong>. El equipo t\u00e9cnico del Programa Forestando mi Ciudad est\u00e1 compuesto por el Ingeniero Bruno Gil, vecinos involucrados que quieren colaborar junto al Ingeniero Walter L\u00f3pez.<\/span><\/p>\n<p><span style=\"color: #000000;\">\u2022<strong>L.A.<\/strong><\/span><\/p>\n<\/div>\n","protected":false},"excerpt":{"rendered":"<p>El Director de Servicios P\u00fablicos Pablo Reyes y el Director de Gesti\u00f3n Ambiental Rainero Caterbetti brindaron detalles del Programa Forestando mi &#8230;<\/p>\n","protected":false},"author":7,"featured_media":93182,"comment_status":"open","ping_status":"open","sticky":false,"template":"","format":"standard","meta":{"footnotes":""},"categories":[5,68],"tags":[],"class_list":["post-97977","post","type-post","status-publish","format-standard","has-post-thumbnail","hentry","category-actualidad","category-servicios"],"_links":{"self":[{"href":"https:\/\/vinasfm.com\/noticias\/wp-json\/wp\/v2\/posts\/97977","targetHints":{"allow":["GET"]}}],"collection":[{"href":"https:\/\/vinasfm.com\/noticias\/wp-json\/wp\/v2\/posts"}],"about":[{"href":"https:\/\/vinasfm.com\/noticias\/wp-json\/wp\/v2\/types\/post"}],"author":[{"embeddable":true,"href":"https:\/\/vinasfm.com\/noticias\/wp-json\/wp\/v2\/users\/7"}],"replies":[{"embeddable":true,"href":"https:\/\/vinasfm.com\/noticias\/wp-json\/wp\/v2\/comments?post=97977"}],"version-history":[{"count":5,"href":"https:\/\/vinasfm.com\/noticias\/wp-json\/wp\/v2\/posts\/97977\/revisions"}],"predecessor-version":[{"id":98001,"href":"https:\/\/vinasfm.com\/noticias\/wp-json\/wp\/v2\/posts\/97977\/revisions\/98001"}],"wp:featuredmedia":[{"embeddable":true,"href":"https:\/\/vinasfm.com\/noticias\/wp-json\/wp\/v2\/media\/93182"}],"wp:attachment":[{"href":"https:\/\/vinasfm.com\/noticias\/wp-json\/wp\/v2\/media?parent=97977"}],"wp:term":[{"taxonomy":"category","embeddable":true,"href":"https:\/\/vinasfm.com\/noticias\/wp-json\/wp\/v2\/categories?post=97977"},{"taxonomy":"post_tag","embeddable":true,"href":"https:\/\/vinasfm.com\/noticias\/wp-json\/wp\/v2\/tags?post=97977"}],"curies":[{"name":"wp","href":"https:\/\/api.w.org\/{rel}","templated":true}]}}