{"id":97951,"date":"2021-09-24T19:55:03","date_gmt":"2021-09-24T22:55:03","guid":{"rendered":"http:\/\/vinasfm.com\/noticias\/?p=97951"},"modified":"2021-09-24T20:12:00","modified_gmt":"2021-09-24T23:12:00","slug":"bestial-asesino-a-un-perro-ahorcandolo-con-un-alambre","status":"publish","type":"post","link":"https:\/\/vinasfm.com\/noticias\/bestial-asesino-a-un-perro-ahorcandolo-con-un-alambre\/","title":{"rendered":"BESTIAL: ASESIN\u00d3 A UN PERRO AHORC\u00c1NDOLO CON UN ALAMBRE"},"content":{"rendered":"<h4><span style=\"color: #000000;\"><strong>Un hecho verdaderamente repudiable protagonizado por un hombre mayor de edad conmociona a los alvearenses, que en las distintas redes sociales han salido a condenar el brutal asesinato de un perro ocurrido en las \u00faltimas horas.<\/strong><\/span><\/h4>\n<p><a href=\"http:\/\/vinasfm.com\/noticias\/wp-content\/uploads\/2021\/09\/4436e5a1-5029-44dd-9fb5-9b8f00fc1f21.jpg\"><img loading=\"lazy\" decoding=\"async\" class=\" wp-image-97953 alignleft\" src=\"http:\/\/vinasfm.com\/noticias\/wp-content\/uploads\/2021\/09\/4436e5a1-5029-44dd-9fb5-9b8f00fc1f21-300x239.jpg\" alt=\"\" width=\"276\" height=\"220\" srcset=\"https:\/\/vinasfm.com\/noticias\/wp-content\/uploads\/2021\/09\/4436e5a1-5029-44dd-9fb5-9b8f00fc1f21-300x239.jpg 300w, https:\/\/vinasfm.com\/noticias\/wp-content\/uploads\/2021\/09\/4436e5a1-5029-44dd-9fb5-9b8f00fc1f21.jpg 720w\" sizes=\"auto, (max-width: 276px) 100vw, 276px\" \/><\/a><span style=\"color: #000000;\">No es la primera vez que en nuestro departamento se registran actos de esta \u00edndole contra los animales, y cuando sucedieron los <strong>vecinos y proteccionistas han salido a manifestar p\u00fablicamente su condena para con los responsables exigiendo justicia<\/strong>.<\/span><\/p>\n<p><span style=\"color: #000000;\">Esta vez, <strong>empleados de la verduler\u00eda ubicada en la esquina de calles Roque S\u00e1enz Pe\u00f1a e Ingeniero Lange<\/strong> encontraron en la parte trasera del local a un <strong>can de pelaje color negro ahorcado con un alambre atado a un poste<\/strong>. La lamentable escena los conmocion\u00f3 por completo por lo que decidieron revisar la filmaci\u00f3n grabada por las c\u00e1maras de seguridad.<\/span><\/p>\n<p><span style=\"color: #000000;\">En la misma <strong>observaron el cruel acto ejecutado por el verdugo<\/strong>, de quien se logra ver el rostro, aunque <strong>no ha sido identificado al momento<\/strong>.<\/span><\/p>\n<p><span style=\"color: #000000;\">La Ley N\u00b0 <strong>14.346<\/strong>\u00a0o mejor conocida como\u00a0<b>Ley Sarmiento<\/b>\u00a0expresa textualmente en su\u00a0<strong><em>Articulo<\/em>\u00a0<em>1<\/em><\/strong>:\u00a0<strong><em>Ser\u00e1 reprimido con prisi\u00f3n de 15 d\u00edas a un a\u00f1o el que infligiere malos tratos o hiciere v\u00edctima de actos de crueldad a los animales<\/em><\/strong>.<\/span><\/p>\n<h5><span style=\"color: #000000;\">\u2022F.B.<\/span><\/h5>\n","protected":false},"excerpt":{"rendered":"<p>Un hecho verdaderamente repudiable protagonizado por un hombre mayor de edad conmociona a los alvearenses, que en las distintas redes sociales &#8230;<\/p>\n","protected":false},"author":8,"featured_media":97952,"comment_status":"open","ping_status":"open","sticky":false,"template":"","format":"standard","meta":{"footnotes":""},"categories":[5,4],"tags":[],"class_list":["post-97951","post","type-post","status-publish","format-standard","has-post-thumbnail","hentry","category-actualidad","category-policiales"],"_links":{"self":[{"href":"https:\/\/vinasfm.com\/noticias\/wp-json\/wp\/v2\/posts\/97951","targetHints":{"allow":["GET"]}}],"collection":[{"href":"https:\/\/vinasfm.com\/noticias\/wp-json\/wp\/v2\/posts"}],"about":[{"href":"https:\/\/vinasfm.com\/noticias\/wp-json\/wp\/v2\/types\/post"}],"author":[{"embeddable":true,"href":"https:\/\/vinasfm.com\/noticias\/wp-json\/wp\/v2\/users\/8"}],"replies":[{"embeddable":true,"href":"https:\/\/vinasfm.com\/noticias\/wp-json\/wp\/v2\/comments?post=97951"}],"version-history":[{"count":2,"href":"https:\/\/vinasfm.com\/noticias\/wp-json\/wp\/v2\/posts\/97951\/revisions"}],"predecessor-version":[{"id":97956,"href":"https:\/\/vinasfm.com\/noticias\/wp-json\/wp\/v2\/posts\/97951\/revisions\/97956"}],"wp:featuredmedia":[{"embeddable":true,"href":"https:\/\/vinasfm.com\/noticias\/wp-json\/wp\/v2\/media\/97952"}],"wp:attachment":[{"href":"https:\/\/vinasfm.com\/noticias\/wp-json\/wp\/v2\/media?parent=97951"}],"wp:term":[{"taxonomy":"category","embeddable":true,"href":"https:\/\/vinasfm.com\/noticias\/wp-json\/wp\/v2\/categories?post=97951"},{"taxonomy":"post_tag","embeddable":true,"href":"https:\/\/vinasfm.com\/noticias\/wp-json\/wp\/v2\/tags?post=97951"}],"curies":[{"name":"wp","href":"https:\/\/api.w.org\/{rel}","templated":true}]}}