{"id":97885,"date":"2021-09-22T00:01:08","date_gmt":"2021-09-22T03:01:08","guid":{"rendered":"http:\/\/vinasfm.com\/noticias\/?p=97885"},"modified":"2021-09-23T20:40:52","modified_gmt":"2021-09-23T23:40:52","slug":"por-segundo-dia-consecutivo-alvear-no-reporto-casos-de-covid-19-y-confirmo-la-recuperacion-de-30-pacientes","status":"publish","type":"post","link":"https:\/\/vinasfm.com\/noticias\/por-segundo-dia-consecutivo-alvear-no-reporto-casos-de-covid-19-y-confirmo-la-recuperacion-de-30-pacientes\/","title":{"rendered":"POR SEGUNDO D\u00cdA CONSECUTIVO, ALVEAR NO REPORT\u00d3 CASOS DE COVID-19 Y CONFIRM\u00d3 LA RECUPERACI\u00d3N DE 30 PACIENTES"},"content":{"rendered":"<h4><strong><span style=\"color: #000000;\">De las 40 muestras de PCR realizadas en las \u00faltimas 24 horas, el sistema sanitario local confirm\u00f3 que no se reportaron casos positivos de Covid-19 pero se registr\u00f3 el fallecimiento de un paciente de 49 a\u00f1os. Asimismo, informaron que 30 personas se recuperaron tras padecer\u00a0la enfermedad.<\/span><\/strong><\/h4>\n<p><span style=\"color: #000000;\">Al momento, el total de casos acumulados en el\u00a0<em><strong>Hospital Enfermeros Argentinos<\/strong><\/em>\u00a0es de\u00a0<strong>5.520\u00a0<\/strong>desde el comienzo de la pandemia de los cuales\u00a0<strong>31 transitan actualmente la enfermedad,<\/strong>\u00a0<strong>5.280 se han recuperado y 209 pacientes han perdido la vida.\u00a0<\/strong><\/span><\/p>\n<h4 style=\"text-align: center;\"><span style=\"color: #000000;\"><strong>INFORME REGI\u00d3N SUR<\/strong><\/span><\/h4>\n<p><span style=\"color: #000000;\">Este\u00a0<strong>mi\u00e9rcoles<\/strong>, entre los tres departamentos del Sur<strong> se realizaron 179 PCR<\/strong>, resultando:\u00a0<strong>6 muestras positivas<\/strong>\u00a0para Covid-19 y<strong> 173 negativas<\/strong>.<\/span><\/p>\n<ul>\n<li><span style=\"color: #000000;\"><strong>GENERAL ALVEAR: sin casos positivos.<\/strong><\/span><\/li>\n<li><span style=\"color: #000000;\"><strong>SAN RAFAEL: 6 casos positivos.<\/strong><\/span><\/li>\n<li><span style=\"color: #000000;\"><strong>MALARG\u00dcE: sin casos positivos.<\/strong><\/span><\/li>\n<\/ul>\n<p><span style=\"color: #000000;\">Con estas cifras,\u00a0<strong>San Rafael, General Alvear y Malarg\u00fce<\/strong>\u00a0cuentan con\u00a0<strong>28.967 casos<\/strong>\u00a0confirmados desde el inicio de la pandemia de los cuales\u00a0<strong>27.019 se han recuperado<\/strong>\u00a0y\u00a0<strong>818 han fallecido<\/strong>.<\/span><\/p>\n<h5><span style=\"color: #000000;\">\u2022F.B.<\/span><\/h5>\n","protected":false},"excerpt":{"rendered":"<p>De las 40 muestras de PCR realizadas en las \u00faltimas 24 horas, el sistema sanitario local confirm\u00f3 que no se reportaron &#8230;<\/p>\n","protected":false},"author":8,"featured_media":61610,"comment_status":"open","ping_status":"open","sticky":false,"template":"","format":"standard","meta":{"footnotes":""},"categories":[5,62],"tags":[],"class_list":["post-97885","post","type-post","status-publish","format-standard","has-post-thumbnail","hentry","category-actualidad","category-coronavirus"],"_links":{"self":[{"href":"https:\/\/vinasfm.com\/noticias\/wp-json\/wp\/v2\/posts\/97885","targetHints":{"allow":["GET"]}}],"collection":[{"href":"https:\/\/vinasfm.com\/noticias\/wp-json\/wp\/v2\/posts"}],"about":[{"href":"https:\/\/vinasfm.com\/noticias\/wp-json\/wp\/v2\/types\/post"}],"author":[{"embeddable":true,"href":"https:\/\/vinasfm.com\/noticias\/wp-json\/wp\/v2\/users\/8"}],"replies":[{"embeddable":true,"href":"https:\/\/vinasfm.com\/noticias\/wp-json\/wp\/v2\/comments?post=97885"}],"version-history":[{"count":2,"href":"https:\/\/vinasfm.com\/noticias\/wp-json\/wp\/v2\/posts\/97885\/revisions"}],"predecessor-version":[{"id":97887,"href":"https:\/\/vinasfm.com\/noticias\/wp-json\/wp\/v2\/posts\/97885\/revisions\/97887"}],"wp:featuredmedia":[{"embeddable":true,"href":"https:\/\/vinasfm.com\/noticias\/wp-json\/wp\/v2\/media\/61610"}],"wp:attachment":[{"href":"https:\/\/vinasfm.com\/noticias\/wp-json\/wp\/v2\/media?parent=97885"}],"wp:term":[{"taxonomy":"category","embeddable":true,"href":"https:\/\/vinasfm.com\/noticias\/wp-json\/wp\/v2\/categories?post=97885"},{"taxonomy":"post_tag","embeddable":true,"href":"https:\/\/vinasfm.com\/noticias\/wp-json\/wp\/v2\/tags?post=97885"}],"curies":[{"name":"wp","href":"https:\/\/api.w.org\/{rel}","templated":true}]}}