{"id":97869,"date":"2021-09-23T15:35:04","date_gmt":"2021-09-23T18:35:04","guid":{"rendered":"http:\/\/vinasfm.com\/noticias\/?p=97869"},"modified":"2021-09-24T10:28:39","modified_gmt":"2021-09-24T13:28:39","slug":"emprender-2021-el-puntapie-para-que-todos-puedan-ser-artifices-de-su-propio-futuro","status":"publish","type":"post","link":"https:\/\/vinasfm.com\/noticias\/emprender-2021-el-puntapie-para-que-todos-puedan-ser-artifices-de-su-propio-futuro\/","title":{"rendered":"EMPRENDER 2021: EL PUNTAPI\u00c9 PARA QUE TODOS PUEDAN SER ART\u00cdFICES DE SU PROPIO FUTURO"},"content":{"rendered":"<h4><span style=\"color: #000000;\"><strong>Motivar a quienes pueden ser los futuros empresarios y adem\u00e1s guiarlos por el camino del emprendedurismo, otorgando herramientas apropiadas para desarrollar un proyecto, es el principal objetivo del\u00a0Emprender 2021\u00a0que realiza la\u00a0C\u00e1mara Joven de Comercio\u00a0de General Alvear.<\/strong><\/span><\/h4>\n<p><span style=\"color: #000000;\">El evento que\u00a0<strong>por primera vez se realizar\u00e1<\/strong>\u00a0dentro del marco de la\u00a0<strong>Fiesta Nacional de la Ganader\u00eda,<\/strong>\u00a0tendr\u00e1 entre los\u00a0<strong>principales<\/strong>\u00a0<strong>expositores<\/strong>\u00a0a referentes de la empresa\u00a0<strong>Mercado Libre<\/strong>. <\/span><span style=\"color: #000000;\">El Emprender tendr\u00e1 lugar el\u00a0<strong>viernes 8 de octubre en el sal\u00f3n mayor del predio ferial\u00a0<\/strong>y comenzar\u00e1 a las\u00a0<strong>10hs. <\/strong><\/span><span style=\"color: #000000;\">Como todos los a\u00f1os la\u00a0<strong>entrada<\/strong>\u00a0al Emprender es\u00a0<strong>gratuita<\/strong>\u00a0y solamente se requiere la inscripci\u00f3n previa ingresando<\/span>\u00a0<strong><a href=\"http:\/\/bit.ly\/3AiX1su\" data-type=\"URL\" data-id=\"http:\/\/bit.ly\/3AiX1su\">aqu\u00ed.<\/a><\/strong><\/p>\n<p><span style=\"color: #000000;\">El \u00fanico pedido a los asistentes es que concurran con una bolsa pl\u00e1stica para donarla a un emprendimiento alvearense que hace art\u00edculos personales con ese material y adem\u00e1s contribuye al cuidado del ambiente: <\/span><span style=\"color: #000000;\">\u201c<em>Esta iniciativa de la C\u00e1mara Joven es para poder<strong>\u00a0motivar a las personas para que se lancen a concretar sus proyectos<\/strong>\u00a0y a los que iniciaron un emprendimiento\u00a0<strong>colaborar con ellos entreg\u00e1ndoles herramientas\u00a0<\/strong>que les permitan promover y desarrollar esos proyectos<\/em>\u201d, coment\u00f3 Mat\u00edas Montanaro, integrante de la instituci\u00f3n.<\/span><\/p>\n<p><span style=\"color: #000000;\">Dentro del panel de expositores habr\u00e1 emprendedores locales que pese a los avatares de la econom\u00eda Argentina se animaron a introducirse en el mundo empresarial y pusieron en marcha una pyme y tambi\u00e9n proyectos exitosos en Mendoza y el pa\u00eds: <\/span><span style=\"color: #000000;\">\u201c<strong><em>Van a transmitir la experiencia que recogieron desde que comenzaron a andar por este camino y \u00a0tambi\u00e9n habr\u00e1 un panel de disertantes de nivel provincial y nacional<\/em><\/strong>\u201d, indic\u00f3 Montanaro.<\/span><\/p>\n<p><span style=\"color: #000000;\">Entre las visitas que recibir\u00e1 el Emprender estar\u00e1 Matias Bismach que desarroll\u00f3\u00a0<strong>El botell\u00f3n<\/strong>\u00a0(un bar sustentable),\u00a0<strong>Nicolas Giorlando de Sol\u00e9\u00a0<\/strong>(empresa de paneles solares), una charla motivacional a cargo de\u00a0<strong>Augusto Alonso\u00a0<\/strong>(Motivados) y como cierre los representantes de\u00a0<strong>Mercado libre<\/strong>\u00a0\u201cque van a estar dando herramientas para todas las personas que quieran emprender\u201d.<\/span><\/p>\n<h4><span style=\"color: #000000;\"><strong>Mercado emprendedor y regalos<\/strong><\/span><\/h4>\n<p><span style=\"color: #000000;\">Por segundo a\u00f1o consecutivo, dentro del Emprender se\u00a0<strong>desarrollar\u00e1<\/strong>\u00a0el\u00a0<strong>Mercado Emprendedor. <\/strong>Es una iniciativa que apunta a abrir un canal de<strong>\u00a0promoci\u00f3n y comercializaci\u00f3n de los productos<\/strong>\u00a0de los emprendedores locales.<\/span><\/p>\n<p><span style=\"color: #000000;\"><strong>Van a poder mostrar y comercializar sus productos a todas las personas que van a participar del evento<\/strong>. Esto tampoco tiene ning\u00fan costo y lo \u00fanico que le solicitamos a los interesados es que se contacten con nosotros a trav\u00e9s de las <strong>redes sociales de C\u00e1mara Joven<\/strong> (Instagram o Facebook) para poder coordinar con ellos el tema del espacio entre otros detalles. Como corolario del Emprender,<strong> habr\u00e1 sorteos de premios sorpresa entre los asistentes al evento<\/strong>.<\/span><\/p>\n<p><a href=\"http:\/\/vinasfm.com\/noticias\/wp-content\/uploads\/2021\/09\/Emprender-afiche.jpeg\"><img loading=\"lazy\" decoding=\"async\" class=\" wp-image-97871 aligncenter\" src=\"http:\/\/vinasfm.com\/noticias\/wp-content\/uploads\/2021\/09\/Emprender-afiche-300x300.jpeg\" alt=\"\" width=\"507\" height=\"507\" srcset=\"https:\/\/vinasfm.com\/noticias\/wp-content\/uploads\/2021\/09\/Emprender-afiche-300x300.jpeg 300w, https:\/\/vinasfm.com\/noticias\/wp-content\/uploads\/2021\/09\/Emprender-afiche-150x150.jpeg 150w, https:\/\/vinasfm.com\/noticias\/wp-content\/uploads\/2021\/09\/Emprender-afiche-360x360.jpeg 360w, https:\/\/vinasfm.com\/noticias\/wp-content\/uploads\/2021\/09\/Emprender-afiche.jpeg 600w\" sizes=\"auto, (max-width: 507px) 100vw, 507px\" \/><\/a><\/p>\n","protected":false},"excerpt":{"rendered":"<p>Motivar a quienes pueden ser los futuros empresarios y adem\u00e1s guiarlos por el camino del emprendedurismo, otorgando herramientas apropiadas para desarrollar &#8230;<\/p>\n","protected":false},"author":8,"featured_media":97870,"comment_status":"open","ping_status":"open","sticky":false,"template":"","format":"standard","meta":{"footnotes":""},"categories":[28],"tags":[],"class_list":["post-97869","post","type-post","status-publish","format-standard","has-post-thumbnail","hentry","category-fiesta-nacional-de-la-ganaderia"],"_links":{"self":[{"href":"https:\/\/vinasfm.com\/noticias\/wp-json\/wp\/v2\/posts\/97869","targetHints":{"allow":["GET"]}}],"collection":[{"href":"https:\/\/vinasfm.com\/noticias\/wp-json\/wp\/v2\/posts"}],"about":[{"href":"https:\/\/vinasfm.com\/noticias\/wp-json\/wp\/v2\/types\/post"}],"author":[{"embeddable":true,"href":"https:\/\/vinasfm.com\/noticias\/wp-json\/wp\/v2\/users\/8"}],"replies":[{"embeddable":true,"href":"https:\/\/vinasfm.com\/noticias\/wp-json\/wp\/v2\/comments?post=97869"}],"version-history":[{"count":2,"href":"https:\/\/vinasfm.com\/noticias\/wp-json\/wp\/v2\/posts\/97869\/revisions"}],"predecessor-version":[{"id":97891,"href":"https:\/\/vinasfm.com\/noticias\/wp-json\/wp\/v2\/posts\/97869\/revisions\/97891"}],"wp:featuredmedia":[{"embeddable":true,"href":"https:\/\/vinasfm.com\/noticias\/wp-json\/wp\/v2\/media\/97870"}],"wp:attachment":[{"href":"https:\/\/vinasfm.com\/noticias\/wp-json\/wp\/v2\/media?parent=97869"}],"wp:term":[{"taxonomy":"category","embeddable":true,"href":"https:\/\/vinasfm.com\/noticias\/wp-json\/wp\/v2\/categories?post=97869"},{"taxonomy":"post_tag","embeddable":true,"href":"https:\/\/vinasfm.com\/noticias\/wp-json\/wp\/v2\/tags?post=97869"}],"curies":[{"name":"wp","href":"https:\/\/api.w.org\/{rel}","templated":true}]}}