{"id":97862,"date":"2021-09-23T15:30:02","date_gmt":"2021-09-23T18:30:02","guid":{"rendered":"http:\/\/vinasfm.com\/noticias\/?p=97862"},"modified":"2021-09-23T20:12:11","modified_gmt":"2021-09-23T23:12:11","slug":"adicciones-invitan-a-participar-de-una-charla-debate-sobre-salud-mental-internaciones-y-abordaje","status":"publish","type":"post","link":"https:\/\/vinasfm.com\/noticias\/adicciones-invitan-a-participar-de-una-charla-debate-sobre-salud-mental-internaciones-y-abordaje\/","title":{"rendered":"ADICCIONES: INVITAN A PARTICIPAR DE UNA CHARLA-DEBATE SOBRE SALUD MENTAL, INTERNACIONES Y ABORDAJE"},"content":{"rendered":"<h4><span style=\"color: #000000;\"><strong>Septiembre es el mes de lucha contra el narcotr\u00e1fico y las adicciones por lo que desde la Municipalidad de General Alvear programaron distintas actividades con el fin de concientizar sobre esta problem\u00e1tica que alcanza, sin distinci\u00f3n, a muchas personas. Bajo distintos lineamientos, la propuesta es abordar el flagelo de la droga con distintas metodolog\u00edas que ayuden a combatirlo.<\/strong><\/span><\/h4>\n<p><span style=\"color: #000000;\"><strong>Luego de exponer los objetivos de la campa\u00f1a<\/strong> &#8211;<em>junto al equipo interdisciplinario compuesto por la doctora Natalia Di Paolo, la graf\u00f3loga Cecilia Quiroga y los psic\u00f3logos Mat\u00edas Cabrera y M\u00f3nica Figueroa<\/em>&#8211; <strong>en el Concejo Deliberante<\/strong> e invitar a los ediles a sumarse, el <strong>Coordinador de Prevenci\u00f3n de Adicciones Rogelio Guerrera<\/strong> anunci\u00f3 que el pr\u00f3ximo <strong>viernes a las 18:30hs en el Punto Digital de la Bodega Fara\u00f3n<\/strong> se llevar\u00e1 a cabo una Jornada sobre adicciones con una &#8216;<strong><em>Charla debate sobre salud mental, internaciones compulsivas y su abordaje y pol\u00edticas p\u00fablicas<\/em><\/strong>&#8216;.<\/span><\/p>\n<p><span style=\"color: #000000;\">&#8216;<strong><em>Contaremos con la presencia del soci\u00f3logo y Magister en tratamiento y prevenci\u00f3n de adicciones Nacho O&#8217;Donnell, el psic\u00f3logo Gabriel De Lavalle, la presidente del ICAP Liliana Bustos, el abogado especialista en adicciones Alberto Ramos y Gustavo Jamargo, que tiene dos instituciones de abordaje en Buenos Aires<\/em><\/strong>&#8216;, adelant\u00f3\u00a0<strong>Rogelio Guerrera<\/strong>\u00a0consultado por <strong>F.M. VI\u00d1AS<\/strong> sobre los especialistas que disertar\u00e1n en la jornada que se desarrollar\u00e1 este viernes 24.<\/span><\/p>\n<p><span style=\"color: #000000;\">&#8216;<strong><em>La idea es poner en relieve las problem\u00e1ticas para poder trabajar en ellas y posicionar al departamento como punto para instalar instituciones que aborden este flagelo<\/em><\/strong>&#8216;, subray\u00f3 el funcionario sobre el objetivo com\u00fan que han fijado y reflej\u00f3 que lamentablemente &#8216;<strong><em>la droga ha llegado a las escuelas y est\u00e1 afectando a los m\u00e1s j\u00f3venes por lo que hay que hacer todo lo posible para erradicarla<\/em><\/strong>&#8216;.<\/span><\/p>\n<p><span style=\"color: #000000;\">Finalmente invit\u00f3 y comprometi\u00f3 a toda la comunidad a participar &#8216;<strong><em>ya que es importante saber sobre este problema para solucionarlo<\/em><\/strong>&#8216;, consign\u00f3 Guerrera, quien finalmente record\u00f3 que los <strong>s\u00e1bados 25 de septiembre<\/strong> y <strong>2 de octubre<\/strong> a las <strong>10:30hs<\/strong> se dictar\u00e1 la capacitaci\u00f3n &#8216;<strong><em>J\u00f3venes Preventores<\/em><\/strong>&#8216; en el <strong>Polideportivo<\/strong>.<\/span><\/p>\n<h5><span style=\"color: #000000;\">\u2022F.B. (F.M. Vi\u00f1as).<\/span><\/h5>\n","protected":false},"excerpt":{"rendered":"<p>Septiembre es el mes de lucha contra el narcotr\u00e1fico y las adicciones por lo que desde la Municipalidad de General Alvear &#8230;<\/p>\n","protected":false},"author":8,"featured_media":97864,"comment_status":"open","ping_status":"open","sticky":false,"template":"","format":"standard","meta":{"footnotes":""},"categories":[5,10],"tags":[],"class_list":["post-97862","post","type-post","status-publish","format-standard","has-post-thumbnail","hentry","category-actualidad","category-destacadas"],"_links":{"self":[{"href":"https:\/\/vinasfm.com\/noticias\/wp-json\/wp\/v2\/posts\/97862","targetHints":{"allow":["GET"]}}],"collection":[{"href":"https:\/\/vinasfm.com\/noticias\/wp-json\/wp\/v2\/posts"}],"about":[{"href":"https:\/\/vinasfm.com\/noticias\/wp-json\/wp\/v2\/types\/post"}],"author":[{"embeddable":true,"href":"https:\/\/vinasfm.com\/noticias\/wp-json\/wp\/v2\/users\/8"}],"replies":[{"embeddable":true,"href":"https:\/\/vinasfm.com\/noticias\/wp-json\/wp\/v2\/comments?post=97862"}],"version-history":[{"count":2,"href":"https:\/\/vinasfm.com\/noticias\/wp-json\/wp\/v2\/posts\/97862\/revisions"}],"predecessor-version":[{"id":97866,"href":"https:\/\/vinasfm.com\/noticias\/wp-json\/wp\/v2\/posts\/97862\/revisions\/97866"}],"wp:featuredmedia":[{"embeddable":true,"href":"https:\/\/vinasfm.com\/noticias\/wp-json\/wp\/v2\/media\/97864"}],"wp:attachment":[{"href":"https:\/\/vinasfm.com\/noticias\/wp-json\/wp\/v2\/media?parent=97862"}],"wp:term":[{"taxonomy":"category","embeddable":true,"href":"https:\/\/vinasfm.com\/noticias\/wp-json\/wp\/v2\/categories?post=97862"},{"taxonomy":"post_tag","embeddable":true,"href":"https:\/\/vinasfm.com\/noticias\/wp-json\/wp\/v2\/tags?post=97862"}],"curies":[{"name":"wp","href":"https:\/\/api.w.org\/{rel}","templated":true}]}}