{"id":97855,"date":"2021-09-23T23:00:34","date_gmt":"2021-09-24T02:00:34","guid":{"rendered":"http:\/\/vinasfm.com\/noticias\/?p=97855"},"modified":"2021-09-24T07:57:58","modified_gmt":"2021-09-24T10:57:58","slug":"la-olla-derribaron-dos-transformadores-electricos-para-sustraerles-el-bobinado-de-cobre","status":"publish","type":"post","link":"https:\/\/vinasfm.com\/noticias\/la-olla-derribaron-dos-transformadores-electricos-para-sustraerles-el-bobinado-de-cobre\/","title":{"rendered":"LA OLLA: DERRIBARON DOS TRANSFORMADORES EL\u00c9CTRICOS PARA SUSTRAERLES EL BOBINADO DE COBRE"},"content":{"rendered":"<h4><span style=\"color: #000000;\"><strong>En las \u00faltimas horas, delincuentes robaron dos transformadores el\u00e9ctricos ubicados en zona de La Olla por lo que la Cooperativa Cecsagal solicit\u00f3 a los vecinos que al advertir la comisi\u00f3n de hechos de esta \u00edndole se comuniquen al 911 a fin de evitar el perjuicio que generan.<\/strong><\/span><\/h4>\n<p><span style=\"color: #000000;\">Llamativamente, personas inescrupulosas se las ingeniaron t\u00e9cnica y log\u00edsticamente para derribar dos transformadores <strong>ubicados en calle A, al oeste de Ruta 143<\/strong>, con el fin de <strong>sustraer del interior el bobinado de cobre<\/strong>, <strong>cuyo valor en el mercado oscila los $20 mil teniendo en cuenta que el metal alcance los 50 kilos<\/strong> sume al <strong>costo de los aparatos que se estima en aproximadamente $450 mil<\/strong>.<\/span><\/p>\n<p><span style=\"color: #000000;\">&#8216;<strong><em>Apelamos a la buena voluntad de los vecinos, que ante alguna actividad sospechosa, se comuniquen a los n\u00fameros de guardia de CECSAGAL 02625 423079 o al 0800 266 4239 o bien al 911<\/em><\/strong>&#8216;, se\u00f1alaron desde la entidad, al mismo tiempo que lamentaron los inconvenientes que generan estos actos en el servicio que brindan a los vecinos de ese lugar.<\/span><\/p>\n<div class=\"o9v6fnle cxmmr5t8 oygrvhab hcukyx3x c1et5uql ii04i59q\">\n<div dir=\"auto\"><span style=\"color: #000000;\">Sin dudas, <strong>el robo de este tipo de elementos obedece al abastecimiento de cierto mercado informal por lo que investigar la comercializaci\u00f3n ilegal del metal derivar\u00eda en los posibles responsables<\/strong>. Como primera medida, <strong>representantes de la Cecsagal se reunir\u00e1n con autoridades policiales para avanzar en una soluci\u00f3n a la situaci\u00f3n que no es la primera vez que sucede en la regi\u00f3n<\/strong>.<\/span><\/div>\n<h5 dir=\"auto\"><span style=\"color: #000000;\">\u2022F.B. (F.M. Vi\u00f1as).<\/span><\/h5>\n<\/div>\n","protected":false},"excerpt":{"rendered":"<p>En las \u00faltimas horas, delincuentes robaron dos transformadores el\u00e9ctricos ubicados en zona de La Olla por lo que la Cooperativa Cecsagal &#8230;<\/p>\n","protected":false},"author":8,"featured_media":97856,"comment_status":"open","ping_status":"open","sticky":false,"template":"","format":"standard","meta":{"footnotes":""},"categories":[5,4],"tags":[],"class_list":["post-97855","post","type-post","status-publish","format-standard","has-post-thumbnail","hentry","category-actualidad","category-policiales"],"_links":{"self":[{"href":"https:\/\/vinasfm.com\/noticias\/wp-json\/wp\/v2\/posts\/97855","targetHints":{"allow":["GET"]}}],"collection":[{"href":"https:\/\/vinasfm.com\/noticias\/wp-json\/wp\/v2\/posts"}],"about":[{"href":"https:\/\/vinasfm.com\/noticias\/wp-json\/wp\/v2\/types\/post"}],"author":[{"embeddable":true,"href":"https:\/\/vinasfm.com\/noticias\/wp-json\/wp\/v2\/users\/8"}],"replies":[{"embeddable":true,"href":"https:\/\/vinasfm.com\/noticias\/wp-json\/wp\/v2\/comments?post=97855"}],"version-history":[{"count":1,"href":"https:\/\/vinasfm.com\/noticias\/wp-json\/wp\/v2\/posts\/97855\/revisions"}],"predecessor-version":[{"id":97857,"href":"https:\/\/vinasfm.com\/noticias\/wp-json\/wp\/v2\/posts\/97855\/revisions\/97857"}],"wp:featuredmedia":[{"embeddable":true,"href":"https:\/\/vinasfm.com\/noticias\/wp-json\/wp\/v2\/media\/97856"}],"wp:attachment":[{"href":"https:\/\/vinasfm.com\/noticias\/wp-json\/wp\/v2\/media?parent=97855"}],"wp:term":[{"taxonomy":"category","embeddable":true,"href":"https:\/\/vinasfm.com\/noticias\/wp-json\/wp\/v2\/categories?post=97855"},{"taxonomy":"post_tag","embeddable":true,"href":"https:\/\/vinasfm.com\/noticias\/wp-json\/wp\/v2\/tags?post=97855"}],"curies":[{"name":"wp","href":"https:\/\/api.w.org\/{rel}","templated":true}]}}