{"id":97709,"date":"2021-09-21T23:59:24","date_gmt":"2021-09-22T02:59:24","guid":{"rendered":"http:\/\/vinasfm.com\/noticias\/?p=97709"},"modified":"2021-09-22T10:47:36","modified_gmt":"2021-09-22T13:47:36","slug":"los-suenos-de-dina-perez-marfil-marchan-sobre-ruedas","status":"publish","type":"post","link":"https:\/\/vinasfm.com\/noticias\/los-suenos-de-dina-perez-marfil-marchan-sobre-ruedas\/","title":{"rendered":"LOS SUE\u00d1OS DE DINA P\u00c9REZ MARFIL MARCHAN SOBRE RUEDAS"},"content":{"rendered":"<h4><strong><span style=\"color: #000000;\">Dina es celadora, trabaja en la escuela Luis Ponce en La 53, vive con su hija y ahora los m\u00e1s grandes anhelos marchan sobre ruedas ya que fue la flamante ganadora de la camioneta de la Fiesta Nacional de la Ganader\u00eda, de la que ya tiene las llaves en sus manos.<\/span><\/strong><\/h4>\n<div id=\"attachment_97711\" style=\"width: 300px\" class=\"wp-caption alignleft\"><a href=\"http:\/\/vinasfm.com\/noticias\/wp-content\/uploads\/2021\/09\/Dina-4-1024x682-1.jpg\"><img loading=\"lazy\" decoding=\"async\" aria-describedby=\"caption-attachment-97711\" class=\"size-medium wp-image-97711\" src=\"http:\/\/vinasfm.com\/noticias\/wp-content\/uploads\/2021\/09\/Dina-4-1024x682-1-300x200.jpg\" alt=\"\" width=\"300\" height=\"200\" srcset=\"https:\/\/vinasfm.com\/noticias\/wp-content\/uploads\/2021\/09\/Dina-4-1024x682-1-300x200.jpg 300w, https:\/\/vinasfm.com\/noticias\/wp-content\/uploads\/2021\/09\/Dina-4-1024x682-1-768x512.jpg 768w, https:\/\/vinasfm.com\/noticias\/wp-content\/uploads\/2021\/09\/Dina-4-1024x682-1.jpg 1024w\" sizes=\"auto, (max-width: 300px) 100vw, 300px\" \/><\/a><p id=\"caption-attachment-97711\" class=\"wp-caption-text\">Dina P\u00e9rez, la ganadora, recibi\u00f3 las llaves de la camioneta de la Fiesta de la Ganader\u00eda.<\/p><\/div>\n<p><span style=\"color: #000000;\">En las instalaciones del predio ferial, la comisi\u00f3n directiva de la\u00a0<strong>C\u00e1mara de Comercio hizo entrega formal\u00a0<\/strong>de la Chevrolet 0km a la joven madre: \u201c<em><strong>Una alegr\u00eda enorme el estar ac\u00e1 con Dina la afortunada ganadora\u00a0de la camioneta de la\u00a040 edici\u00f3n de la de la Fiesta<\/strong>. Realmente es una alegr\u00eda enorme estar en este el predio, donde e<strong>n los pr\u00f3ximos d\u00edas se va a realizar la Fiesta Nacional de la Ganader\u00eda<\/strong> (del 6 al 10 de octubre), para hacer entrega de este premio<\/em><strong><em>\u201d<\/em><\/strong>, dijo <strong>Andr\u00e9s Vavrik<\/strong>, presidente de la instituci\u00f3n.<\/span><\/p>\n<p><span style=\"color: #000000;\"><strong>\u201c<em>La felicidad\u00a0<\/em><\/strong><em>que compartimos es porque\u00a0<strong>Dina se ha ganado este importante premio<\/strong>\u00a0pero adem\u00e1s porque la\u00a0<strong>comunidad en general tambi\u00e9n particip\u00f3 much\u00edsimo<\/strong>\u00a0apoyando la rifa como siempre y bueno. Adem\u00e1s es para destacar que\u00a0<strong>en medio de todos las postergaciones y los problemas<\/strong>\u00a0que tuvimos, hemos podido realizar el sorteo, cambiando el formato ya que esta vez no va a haber sorteo en el almuerzo oficial, pero<strong>\u00a0la palabra estaba empe\u00f1ada<\/strong>\u00a0y\u00a0<strong>cumplimos<\/strong><\/em>\u201d, agreg\u00f3 el titular de la C\u00e1mara de Comercio.<\/span><\/p>\n<p><span style=\"color: #000000;\">Ver tambi\u00e9n: <a href=\"http:\/\/vinasfm.com\/noticias\/la-ganadora-del-sorteo-de-la-fiesta-de-la-ganaderia-invertira-el-premio-en-cumplir-el-sueno-de-tener-su-casa-propia\/\"><strong>LA GANADORA DEL SORTEO DE LA FIESTA DE LA GANADER\u00cdA INVERTIR\u00c1 EL PREMIO EN CUMPLIR EL SUE\u00d1O DE TENER SU CASA PROPIA<\/strong><\/a><\/span><\/p>\n<p><span style=\"color: #000000;\">Con la llave en la mano,\u00a0<strong>ahora Dina comienza a delinear un futuro<\/strong> que hasta hace unos d\u00edas era impensado: \u201c<em>No lo so\u00f1\u00e9, solamente este a\u00f1o decid\u00ed comprar un n\u00famero sola. Muchas veces una piensa que no tiene suerte o no va a ganar nada, pero bueno\u00a0<strong>compre para ver qu\u00e9 sal\u00eda y la verdad es que me viene muy bien<\/strong><\/em>\u201d, coment\u00f3 Dina P\u00e9rez. \u00a0<\/span><\/p>\n<p><span style=\"color: #000000;\">Desde el primer instante en que conoci\u00f3 el n\u00famero ganador, Dina se fij\u00f3 el objetivo y ahora con la camioneta en su poder, est\u00e1 determinada a cumplirlo: \u201c<em><strong>Yo vivo con mi hija y alquilo<\/strong>\u00a0por eso\u00a0<strong>la idea es vender\u00a0<\/strong>la camioneta y\u00a0<strong>comprarnos alguna casita<\/strong>. Esa es la idea, el sue\u00f1o de cualquier persona<\/em>\u201d, coment\u00f3 la ganadora de la Chevrolet 0km, tal <strong>como lo hab\u00eda anticipado en di\u00e1logo con F.M. VI\u00d1AS el pasado s\u00e1bado 11 de septiembre<\/strong>.<\/span><\/p>\n<h4><span style=\"color: #000000;\"><strong>Almuerzo tradicional<\/strong><\/span><\/h4>\n<p><span style=\"color: #000000;\">El almuerzo tradicional con los costillares al ensartador ser\u00e1 parte de cronograma de actividades de la Fiesta de la Ganader\u00eda aunque con algunas variantes.<\/span><\/p>\n<p><span style=\"color: #000000;\">Luego de concretar la entrega de la camioneta 0km a Dina P\u00e9rez Marfil, el presidente de la C\u00e1mara de Comercio, Andr\u00e9s Vavrik, confirm\u00f3 que \u201c<em><strong>el almuerzo se va a realizar<\/strong>\u00a0(el s\u00e1bado 9 de ocutbre) este a\u00f1o, solamente que<strong>\u00a0la entrada no tendr\u00e1 relaci\u00f3n con el sorteo de la camioneta,<\/strong>\u00a0como a\u00f1os anteriores. Esperamos el a\u00f1o que viene volver a la normalidad<\/em>\u201d.<\/span><\/p>\n","protected":false},"excerpt":{"rendered":"<p>Dina es celadora, trabaja en la escuela Luis Ponce en La 53, vive con su hija y ahora los m\u00e1s grandes &#8230;<\/p>\n","protected":false},"author":8,"featured_media":97710,"comment_status":"open","ping_status":"open","sticky":false,"template":"","format":"standard","meta":{"footnotes":""},"categories":[5,28],"tags":[],"class_list":["post-97709","post","type-post","status-publish","format-standard","has-post-thumbnail","hentry","category-actualidad","category-fiesta-nacional-de-la-ganaderia"],"_links":{"self":[{"href":"https:\/\/vinasfm.com\/noticias\/wp-json\/wp\/v2\/posts\/97709","targetHints":{"allow":["GET"]}}],"collection":[{"href":"https:\/\/vinasfm.com\/noticias\/wp-json\/wp\/v2\/posts"}],"about":[{"href":"https:\/\/vinasfm.com\/noticias\/wp-json\/wp\/v2\/types\/post"}],"author":[{"embeddable":true,"href":"https:\/\/vinasfm.com\/noticias\/wp-json\/wp\/v2\/users\/8"}],"replies":[{"embeddable":true,"href":"https:\/\/vinasfm.com\/noticias\/wp-json\/wp\/v2\/comments?post=97709"}],"version-history":[{"count":3,"href":"https:\/\/vinasfm.com\/noticias\/wp-json\/wp\/v2\/posts\/97709\/revisions"}],"predecessor-version":[{"id":97714,"href":"https:\/\/vinasfm.com\/noticias\/wp-json\/wp\/v2\/posts\/97709\/revisions\/97714"}],"wp:featuredmedia":[{"embeddable":true,"href":"https:\/\/vinasfm.com\/noticias\/wp-json\/wp\/v2\/media\/97710"}],"wp:attachment":[{"href":"https:\/\/vinasfm.com\/noticias\/wp-json\/wp\/v2\/media?parent=97709"}],"wp:term":[{"taxonomy":"category","embeddable":true,"href":"https:\/\/vinasfm.com\/noticias\/wp-json\/wp\/v2\/categories?post=97709"},{"taxonomy":"post_tag","embeddable":true,"href":"https:\/\/vinasfm.com\/noticias\/wp-json\/wp\/v2\/tags?post=97709"}],"curies":[{"name":"wp","href":"https:\/\/api.w.org\/{rel}","templated":true}]}}