{"id":97658,"date":"2021-09-20T23:30:14","date_gmt":"2021-09-21T02:30:14","guid":{"rendered":"http:\/\/vinasfm.com\/noticias\/?p=97658"},"modified":"2021-09-21T10:26:26","modified_gmt":"2021-09-21T13:26:26","slug":"la-camara-de-comercio-avanza-en-la-organizacion-de-la-40o-fiesta-nacional-de-la-ganaderia","status":"publish","type":"post","link":"https:\/\/vinasfm.com\/noticias\/la-camara-de-comercio-avanza-en-la-organizacion-de-la-40o-fiesta-nacional-de-la-ganaderia\/","title":{"rendered":"LA C\u00c1MARA DE COMERCIO AVANZA EN LA ORGANIZACI\u00d3N DE LA 40\u00ba FIESTA NACIONAL DE LA GANADER\u00cdA"},"content":{"rendered":"<h4><strong><span style=\"color: #000000;\">Jorge Noguerol, Tesorero de la C\u00e1mara de Comercio, y Ramiro Labay, de la Espec\u00edfica de Ganader\u00eda, anunciaron algunas de las actividades que se llevar\u00e1n a cabo en la Fiesta Nacional de la Ganader\u00eda, que tendr\u00e1 un importante marco de p\u00fablico gracias a las flexibilizaciones del gobierno de Mendoza.<\/span><\/strong><\/h4>\n<p><span style=\"color: #000000;\">En la previa de la <strong>40\u00ba Fiesta Nacional de la Ganader\u00eda de Zonas \u00c1ridas<\/strong>, el Tesorero de la C\u00e1mara de Comercio, <strong>Jorge Noguerol, brind\u00f3 algunos detalles con respecto a la organizaci\u00f3n en di\u00e1logo con FM Vi\u00f1as<\/strong>: <em><strong>\u00abHemos venido cortando clavos con el tema del aforo. Con la buena noticia que tuvimos (<a style=\"color: #000000;\" href=\"http:\/\/vinasfm.com\/noticias\/el-gobernador-anuncio-nuevas-flexibilizaciones-que-entran-en-vigencia-desde-este-sabado\/\">flexibilizaciones en el aforo de eventos<\/a>), para los vol\u00famenes de gente que hay siempre en la fiesta no vamos a tener problemas\u00bb<\/strong><\/em>.<\/span><\/p>\n<p><span style=\"color: #000000;\">Si bien no habr\u00e1 jineteada, cabe destacar que el grupo organizador de dicho evento est\u00e1 trabajando en la realizaci\u00f3n de destrezas criollas. En cuanto otras actividades relacionadas con el sector ganadero, <strong>Noguerol<\/strong> anticip\u00f3: <em><strong>\u00abLas exposiciones comerciales estar\u00e1n y con varias novedades. Con las ferias de exposiciones suspendidas, al anunciar que hac\u00edamos la fiesta, se han sumado muchos expositores\u00bb<\/strong><\/em>.<\/span><\/p>\n<p><span style=\"color: #000000;\">Otro de los grandes atractivos, son los shows art\u00edsticos en la carpa blanca y el escenario mayor. Sobre esta cuesti\u00f3n, <strong>Ramiro Labay<\/strong> agreg\u00f3: <em><strong>\u00abLo m\u00e1s novedoso es que la pe\u00f1a este a\u00f1o se va a hacer al aire libre. Va a ser un ambiente muy lindo, a partir de las 6 de la tarde, en el mismo lugar del patio de comidas con muchos puestos y variedad en bebidas y comidas\u00bb<\/strong><\/em>.<\/span><\/p>\n<p><span style=\"color: #000000;\">Por \u00faltimo, a la espera de la oficializaci\u00f3n de algunos artistas entre los que estar\u00edan <strong>Los Caligaris<\/strong>, Labay habl\u00f3 de una fiesta con grandes novedades. <em><strong>\u00abLe vamos a dar otra impronta, otro dinamismo. Falta cerrar contratos con artistas pero creo que la semana que viene vamos a estar en condiciones de confirmar\u00bb.<\/strong><\/em><\/span><\/p>\n<h5><span style=\"color: #000000;\">\u2022L.A.<\/span><\/h5>\n","protected":false},"excerpt":{"rendered":"<p>Jorge Noguerol, Tesorero de la C\u00e1mara de Comercio, y Ramiro Labay, de la Espec\u00edfica de Ganader\u00eda, anunciaron algunas de las actividades &#8230;<\/p>\n","protected":false},"author":7,"featured_media":51744,"comment_status":"open","ping_status":"open","sticky":false,"template":"","format":"standard","meta":{"footnotes":""},"categories":[5,28],"tags":[],"class_list":["post-97658","post","type-post","status-publish","format-standard","has-post-thumbnail","hentry","category-actualidad","category-fiesta-nacional-de-la-ganaderia"],"_links":{"self":[{"href":"https:\/\/vinasfm.com\/noticias\/wp-json\/wp\/v2\/posts\/97658","targetHints":{"allow":["GET"]}}],"collection":[{"href":"https:\/\/vinasfm.com\/noticias\/wp-json\/wp\/v2\/posts"}],"about":[{"href":"https:\/\/vinasfm.com\/noticias\/wp-json\/wp\/v2\/types\/post"}],"author":[{"embeddable":true,"href":"https:\/\/vinasfm.com\/noticias\/wp-json\/wp\/v2\/users\/7"}],"replies":[{"embeddable":true,"href":"https:\/\/vinasfm.com\/noticias\/wp-json\/wp\/v2\/comments?post=97658"}],"version-history":[{"count":5,"href":"https:\/\/vinasfm.com\/noticias\/wp-json\/wp\/v2\/posts\/97658\/revisions"}],"predecessor-version":[{"id":97696,"href":"https:\/\/vinasfm.com\/noticias\/wp-json\/wp\/v2\/posts\/97658\/revisions\/97696"}],"wp:featuredmedia":[{"embeddable":true,"href":"https:\/\/vinasfm.com\/noticias\/wp-json\/wp\/v2\/media\/51744"}],"wp:attachment":[{"href":"https:\/\/vinasfm.com\/noticias\/wp-json\/wp\/v2\/media?parent=97658"}],"wp:term":[{"taxonomy":"category","embeddable":true,"href":"https:\/\/vinasfm.com\/noticias\/wp-json\/wp\/v2\/categories?post=97658"},{"taxonomy":"post_tag","embeddable":true,"href":"https:\/\/vinasfm.com\/noticias\/wp-json\/wp\/v2\/tags?post=97658"}],"curies":[{"name":"wp","href":"https:\/\/api.w.org\/{rel}","templated":true}]}}