{"id":97623,"date":"2021-09-20T23:00:31","date_gmt":"2021-09-21T02:00:31","guid":{"rendered":"http:\/\/vinasfm.com\/noticias\/?p=97623"},"modified":"2021-09-21T09:03:24","modified_gmt":"2021-09-21T12:03:24","slug":"presentaron-en-alvear-el-programa-provincial-de-busqueda-de-identidad-biologica","status":"publish","type":"post","link":"https:\/\/vinasfm.com\/noticias\/presentaron-en-alvear-el-programa-provincial-de-busqueda-de-identidad-biologica\/","title":{"rendered":"PRESENTARON EN ALVEAR EL PROGRAMA PROVINCIAL DE B\u00daSQUEDA DE IDENTIDAD BIOL\u00d3GICA"},"content":{"rendered":"<h4><span style=\"color: #000000;\"><strong>El Intendente Walther Marcolini recibi\u00f3 a la Diputada provincial Mar\u00eda Jos\u00e9 Sanz y a la Asesora legal de la Asociaci\u00f3n Civil Colectivo Mendoza por la Verdad Guadalupe \u00c1lvarez, con el objetivo de dar a conocer la Ley N\u00b0 9.182\/19 &#8211; Programa Provincial de B\u00fasqueda Familiar de Identidad Biol\u00f3gica, de Origen y Socioafectivo. Tambi\u00e9n estuvo presente el Asesor de Derechos Humanos y relaciones con la comunidad Roberto Lucero.<\/strong><\/span><\/h4>\n<p><span style=\"color: #000000;\">El jefe comunal agradeci\u00f3 a la <strong>Diputada provincial Mar\u00eda Jos\u00e9 Sanz<\/strong>, quien en su actividad legislativa ha marcado improntas con leyes que han trascendido como <em><strong>Ficha limpia<\/strong><\/em> y a la <strong>Dra. Guadalupe \u00c1lvarez<\/strong> por traer al Departamento esta entidad civil sin fines de lucro, porque vienen a hacer visible una lucha que se lleva adelante hace a\u00f1os, que nuestra Secretar\u00eda de Desarrollo Humano, a trav\u00e9s de la Asesor\u00eda de Derechos Humanos viene trabajando en el Departamento, de la mano de Beatriz Vera, responsable de talleres. <\/span><\/p>\n<p><span style=\"color: #000000;\">\u201c<strong><em>Es fundamental que haya en Argentina una Ley que permita que las personas puedan tener derecho a buscar su identidad, su origen. Mendoza es la primera provincia que reglament\u00f3 una Ley y el Municipio siempre ha estado a la vanguardia en el tema de Derechos Humanos. Esta es una gesti\u00f3n involucrada en temas tan sensibles como los derechos humanos, porque detr\u00e1s de cada persona hay una historia de vida<\/em><\/strong>\u201d, resalt\u00f3 Marcolini.<\/span><\/p>\n<p><span style=\"color: #000000;\">La Diputada Provincial Mar\u00eda Jos\u00e9 Sanz se\u00f1al\u00f3 que la <strong>Ley 9.182\/19 crea un programa provincial de b\u00fasqueda de identidad biol\u00f3gica, de origen y socioafectivo<\/strong>. Va dirigido a aquellas personas que, por distintas circunstancias de la vida, comienzan un momento de b\u00fasqueda de identidad, entonces se dictan leyes acompa\u00f1ando a los buscadores de su identidad, desde el Estado con todas las herramientas disponibles.<\/span><\/p>\n<p><span style=\"color: #000000;\">\u201c<strong><em>Necesitamos un Estado activo que ayude a ver los caminos: asesor\u00eda legal, psicol\u00f3gica, necesitamos que se digitalicen y guarden las partidas de nacimiento, que haya un banco nacional de datos gen\u00e9ticos, que sea abarcativo para todas las \u00e9pocas de nuestro pa\u00eds, no circunscripto, como fue desde el 2009, para los hechos de desapariciones de personas desde 1976 a 1983, porqu\u00e9 dificultades en la b\u00fasqueda de personas hay en todas las \u00e9pocas, no solo fuera de la democracia<\/em><\/strong>\u201d, explic\u00f3 la legisladora.<\/span><\/p>\n<p><span style=\"color: #000000;\">Por su parte, <strong>Guadalupe \u00c1lvarez<\/strong> expres\u00f3: \u201c<strong><em>Desde la Asociaci\u00f3n Civil Colectivo Mendoza por la Verdad celebramos que en Alvear cuenten con un espacio donde acudir buscando ayuda. Esta Ley es una pol\u00edtica P\u00fablica reparatoria, que viene a acompa\u00f1ar a aquellas personas a las cuales les han vulnerado todos sus derechos<\/em><\/strong>\u201d. Remarc\u00f3 que Mendoza se encuentra a la vanguardia a nivel nacional y lationoamericano. \u201c<strong><em>A nivel nacional estamos trabajando para que se tipifique el delito de compra y venta de personas, de beb\u00e9s reci\u00e9n nacidos. Hoy este delito no lo queremos en nuestro c\u00f3digo penal<\/em><\/strong>\u201d, subray\u00f3.<\/span><\/p>\n<p><span style=\"color: #000000;\"><strong>Roberto Lucero<\/strong> destac\u00f3 la importancia de las charlas y presentando el Programa Provincial de B\u00fasqueda Familiar de Identidad Biol\u00f3gica, de Origen y Socioafectivo en la <strong>Escuela N\u00b0 4-202 R\u00edo Atuel<\/strong> y el <strong>IES 9-007 Salvador Calafat<\/strong>. Igualmente, explic\u00f3 que, a la Asesor\u00eda de Derechos Humanos y Relaciones con la Comunidad, desde 2.016 se han acercado dos alvearenses con el objetivo de conocer su origen. <\/span><\/p>\n<p><span style=\"color: #000000;\">\u201c<strong><em>Es fundamental que esto se visibilice para que todas las personas interesadas en conocer su identidad lo puedan hacer en la oficina de la Asesor\u00eda de Derechos Humanos, al igual que en la Direcci\u00f3n de Familia y en la Secretar\u00eda de Desarrollo Humano del municipio<\/em><\/strong>\u201d, sostuvo el funcionario municipal.<\/span><\/p>\n<h5><span style=\"color: #000000;\">\u2022F.B.<\/span><\/h5>\n","protected":false},"excerpt":{"rendered":"<p>El Intendente Walther Marcolini recibi\u00f3 a la Diputada provincial Mar\u00eda Jos\u00e9 Sanz y a la Asesora legal de la Asociaci\u00f3n Civil &#8230;<\/p>\n","protected":false},"author":8,"featured_media":97624,"comment_status":"open","ping_status":"open","sticky":false,"template":"","format":"standard","meta":{"footnotes":""},"categories":[5,10],"tags":[],"class_list":["post-97623","post","type-post","status-publish","format-standard","has-post-thumbnail","hentry","category-actualidad","category-destacadas"],"_links":{"self":[{"href":"https:\/\/vinasfm.com\/noticias\/wp-json\/wp\/v2\/posts\/97623","targetHints":{"allow":["GET"]}}],"collection":[{"href":"https:\/\/vinasfm.com\/noticias\/wp-json\/wp\/v2\/posts"}],"about":[{"href":"https:\/\/vinasfm.com\/noticias\/wp-json\/wp\/v2\/types\/post"}],"author":[{"embeddable":true,"href":"https:\/\/vinasfm.com\/noticias\/wp-json\/wp\/v2\/users\/8"}],"replies":[{"embeddable":true,"href":"https:\/\/vinasfm.com\/noticias\/wp-json\/wp\/v2\/comments?post=97623"}],"version-history":[{"count":2,"href":"https:\/\/vinasfm.com\/noticias\/wp-json\/wp\/v2\/posts\/97623\/revisions"}],"predecessor-version":[{"id":97626,"href":"https:\/\/vinasfm.com\/noticias\/wp-json\/wp\/v2\/posts\/97623\/revisions\/97626"}],"wp:featuredmedia":[{"embeddable":true,"href":"https:\/\/vinasfm.com\/noticias\/wp-json\/wp\/v2\/media\/97624"}],"wp:attachment":[{"href":"https:\/\/vinasfm.com\/noticias\/wp-json\/wp\/v2\/media?parent=97623"}],"wp:term":[{"taxonomy":"category","embeddable":true,"href":"https:\/\/vinasfm.com\/noticias\/wp-json\/wp\/v2\/categories?post=97623"},{"taxonomy":"post_tag","embeddable":true,"href":"https:\/\/vinasfm.com\/noticias\/wp-json\/wp\/v2\/tags?post=97623"}],"curies":[{"name":"wp","href":"https:\/\/api.w.org\/{rel}","templated":true}]}}