{"id":97620,"date":"2021-09-20T10:52:12","date_gmt":"2021-09-20T13:52:12","guid":{"rendered":"http:\/\/vinasfm.com\/noticias\/?p=97620"},"modified":"2021-09-20T19:18:28","modified_gmt":"2021-09-20T22:18:28","slug":"se-desarrollan-numerosas-acciones-en-el-mes-de-la-lucha-contra-las-adicciones","status":"publish","type":"post","link":"https:\/\/vinasfm.com\/noticias\/se-desarrollan-numerosas-acciones-en-el-mes-de-la-lucha-contra-las-adicciones\/","title":{"rendered":"SE DESARROLLAN NUMEROSAS ACCIONES EN EL MES DE LA LUCHA CONTRA LAS ADICCIONES"},"content":{"rendered":"<h4><span style=\"color: #000000;\"><strong>El Director de Prevenci\u00f3n y Asistencia de las Adicciones de R\u00edo Tercero, C\u00f3rdoba, C\u00e9sar Tapia, se encuentra en nuestro Departamento porque va a realizar importantes disertaciones de prevenci\u00f3n que tendr\u00e1n lugar en el Concejo Deliberante y en distintos barrios de la Ciudad.<\/strong><\/span><\/h4>\n<p><span style=\"color: #000000;\">La <strong>Direcci\u00f3n de Familias<\/strong> junto a la <strong>Coordinaci\u00f3n de Prevenci\u00f3n y Abordaje en Adicciones<\/strong> ha organizado numerosas actividades a realizarse en septiembre, ya que es el mes declarado de <strong>Lucha Contra las Adicciones por el Concejo Deliberante<\/strong>. En este marco es que el s\u00e1bado 18 se iniciaron jornadas sobre <strong>Detecci\u00f3n de Problem\u00e1ticas de Consumo en el \u00c1mbito Laboral<\/strong> destinada a funcionarios en el Sal\u00f3n del Concejo Deliberante, dictado por Cesar Tapia y tambi\u00e9n se desarroll\u00f3 una jornada preventiva en el <strong>SUM del Barrio El Parque<\/strong>.<\/span><\/p>\n<p><span style=\"color: #000000;\">El\u00a0<strong>Curso\/Capacitaci\u00f3n<\/strong> \u201c<strong><em>J\u00f3venes sin adicciones<\/em><\/strong>\u201d continuar\u00e1 el <strong>s\u00e1bado 25 de septiembre y 2 de octubre<\/strong>, de <strong>10:30 a 12h<\/strong> en el <strong>Polideportivo Deportistas Alvearenses<\/strong>. Los disertantes son el <strong>Coordinador de Prevenci\u00f3n de adicciones y su Equipo T\u00e9cnico<\/strong>. Al finalizar este curso, que es organizado por la <strong>Asesor\u00eda de Juventud, Ni\u00f1ez y Adolescencia<\/strong> y <strong>Coordinaci\u00f3n de Prevenci\u00f3n de adicciones<\/strong>, los asistentes van a plasmar un mural en la <strong>Casa de Medio Camino &#8211; El Cald\u00e9n<\/strong>.<\/span><\/p>\n<p><span style=\"color: #000000;\">La <strong>Directora de Familia Nancy Vinnitchenko<\/strong> agradeci\u00f3 la presencia de Cesar Tapia en el Departamento, quien adem\u00e1s de ser funcionario de R\u00edo Tercero, tiene un centro de rehabilitaci\u00f3n. <\/span><\/p>\n<p><span style=\"color: #000000;\">Por su parte, <strong>Cesar Tapia<\/strong> agradeci\u00f3 al municipio por invitarlo a compartir sus experiencias, \u201c<strong><em>las drogas van mutando y pedag\u00f3gicamente el trabajo como las acciones que se realizan tambi\u00e9n se va modificando. Es importante participar en este mes de las adicciones, declarado por el Concejo Deliberante, sumarse con este Estado presente desde la acci\u00f3n. Venimos a aportar experiencias desde la prevenci\u00f3n para no llegar tarde a las familias y al chico o adulto que tiene esta problem\u00e1tica. Resulta fundamental formar redes porque la modalidad de trabajo preventivo requiere de acciones que se deben llevar a cabo en Alvear, que son propias de otras regiones tambi\u00e9n<\/em><\/strong>\u201d.<\/span><\/p>\n<p><span style=\"color: #000000;\">Para el <strong>Director de Prevenci\u00f3n y Asistencia de las Adicciones de R\u00edo Tercero<\/strong> es importante el trabajo como sociedad, agradeci\u00f3 a los medios por cumplir una funci\u00f3n elemental para que se informen los vecinos, para que participen, dado que es muy relevante dar visibilidad a una problem\u00e1tica que afecta en lo personal, espiritual, psicol\u00f3gico y a todo lo que se puede exponer. \u201c<strong><em>Espec\u00edficamente el alcohol es una droga accesible, legalizada sociabilizada, por lo que se debe trabajar frente a este desaf\u00edo, para que el precio no sea la vida de una persona<\/em><\/strong>\u201d, se\u00f1al\u00f3.<\/span><\/p>\n<p><span style=\"color: #000000;\">En el marco del mes de las adicciones, el <strong>viernes 24 de septiembre<\/strong>, a las <strong>18:30h<\/strong>, en <strong>Punto Digital Bodega Fara\u00f3n<\/strong>, se realizar\u00e1 una <em><strong>Jornada sobre Adicciones Debate sobre Ley de salud mental<\/strong>, <strong>interacciones compulsivas y su abordaje. Pol\u00edticas p\u00fablicas<\/strong><\/em>. Los exponentes ser\u00e1n el <strong>Magister Nacho O&#8217;Donnell, Subdirector de Sedronar; Gustavo Jamargo, Director de Fundaci\u00f3n Cetrac; Tec. Liliana Augusto, Directora del ICAPV; Dr. Alberto Ramos, Director de Asociaci\u00f3n Valientes; Lic. Lara Taraman, Directora del Programa Hipa<\/strong> y el <strong>Psic\u00f3logo Social Diego C\u00e1ceres<\/strong>.<\/span><\/p>\n<h5><span style=\"color: #000000;\">\u2022F.B.<\/span><\/h5>\n","protected":false},"excerpt":{"rendered":"<p>El Director de Prevenci\u00f3n y Asistencia de las Adicciones de R\u00edo Tercero, C\u00f3rdoba, C\u00e9sar Tapia, se encuentra en nuestro Departamento porque &#8230;<\/p>\n","protected":false},"author":8,"featured_media":97621,"comment_status":"open","ping_status":"open","sticky":false,"template":"","format":"standard","meta":{"footnotes":""},"categories":[5,10],"tags":[],"class_list":["post-97620","post","type-post","status-publish","format-standard","has-post-thumbnail","hentry","category-actualidad","category-destacadas"],"_links":{"self":[{"href":"https:\/\/vinasfm.com\/noticias\/wp-json\/wp\/v2\/posts\/97620","targetHints":{"allow":["GET"]}}],"collection":[{"href":"https:\/\/vinasfm.com\/noticias\/wp-json\/wp\/v2\/posts"}],"about":[{"href":"https:\/\/vinasfm.com\/noticias\/wp-json\/wp\/v2\/types\/post"}],"author":[{"embeddable":true,"href":"https:\/\/vinasfm.com\/noticias\/wp-json\/wp\/v2\/users\/8"}],"replies":[{"embeddable":true,"href":"https:\/\/vinasfm.com\/noticias\/wp-json\/wp\/v2\/comments?post=97620"}],"version-history":[{"count":2,"href":"https:\/\/vinasfm.com\/noticias\/wp-json\/wp\/v2\/posts\/97620\/revisions"}],"predecessor-version":[{"id":97627,"href":"https:\/\/vinasfm.com\/noticias\/wp-json\/wp\/v2\/posts\/97620\/revisions\/97627"}],"wp:featuredmedia":[{"embeddable":true,"href":"https:\/\/vinasfm.com\/noticias\/wp-json\/wp\/v2\/media\/97621"}],"wp:attachment":[{"href":"https:\/\/vinasfm.com\/noticias\/wp-json\/wp\/v2\/media?parent=97620"}],"wp:term":[{"taxonomy":"category","embeddable":true,"href":"https:\/\/vinasfm.com\/noticias\/wp-json\/wp\/v2\/categories?post=97620"},{"taxonomy":"post_tag","embeddable":true,"href":"https:\/\/vinasfm.com\/noticias\/wp-json\/wp\/v2\/tags?post=97620"}],"curies":[{"name":"wp","href":"https:\/\/api.w.org\/{rel}","templated":true}]}}