{"id":97524,"date":"2021-09-20T08:00:21","date_gmt":"2021-09-20T11:00:21","guid":{"rendered":"http:\/\/vinasfm.com\/noticias\/?p=97524"},"modified":"2021-09-20T20:18:57","modified_gmt":"2021-09-20T23:18:57","slug":"costanera-alvear-albergara-los-eventos-pensados-para-celebrar-el-21-de-septiembre","status":"publish","type":"post","link":"https:\/\/vinasfm.com\/noticias\/costanera-alvear-albergara-los-eventos-pensados-para-celebrar-el-21-de-septiembre\/","title":{"rendered":"COSTANERA ALVEAR ALBERGAR\u00c1 LOS EVENTOS PENSADOS PARA CELEBRAR EL 21 DE SEPTIEMBRE"},"content":{"rendered":"<h4><span style=\"color: #000000;\"><strong>Ma\u00f1ana martes 21 de septiembre se celebrar\u00e1 el D\u00eda del Estudiante y el D\u00eda de la Primavera por lo que desde la Direcci\u00f3n de Turismo y la Asesoria de la Juventud han organizado una jornada con m\u00faltiples eventos en Costanera Alvear.<\/strong><\/span><\/h4>\n<p><span style=\"color: #000000;\">Consultada sobre las actividades programadas, la <strong>Directora de Turismo Fabiana Gonzalez<\/strong> explic\u00f3 en dialogo con <strong>F.M. VI\u00d1AS<\/strong> que &#8216;<strong><em>la intenci\u00f3n en este d\u00eda tan importante es invitar a todo General Alvear para compartir en Costanera Alvear<\/em><\/strong>&#8216;, y asegur\u00f3 que &#8216;<strong><em>habr\u00e1 cuidado en cuanto a los protocolos sanitarios para disfrutar seguros<\/em><\/strong>&#8216;. <\/span><\/p>\n<p><span style=\"color: #000000;\">La grilla propuesta marca el <strong>inicio a las 10hs<\/strong> y se extiende hasta las <strong>22:30hs<\/strong>: &#8216;<em>Tendremos una <strong>gran puesta en escena de iluminaci\u00f3n y pantallas<\/strong> con los hermanos Lorenzo. En el escenario contaremos con <strong>3 DJs locales<\/strong> y luego contaremos con <strong>4 bandas<\/strong> de las cuales son 2 locales como <strong>Terapeutas<\/strong> y <strong>El Barrio de las Flores<\/strong>. Tambi\u00e9n tendremos a <strong>Bruno Pintos<\/strong> y <strong>Alejo y Valent\u00edn<\/strong><\/em>&#8216;.<\/span><\/p>\n<p><span style=\"color: #000000;\">Por otra parte el <strong>Asesor de Juventud Daniel Quiles<\/strong> resalt\u00f3: &#8216;<strong><em>Vamos a tener tambi\u00e9n algunas campa\u00f1as preventivas en cuanto a salud y adicciones. Contaremos con algunas food trucks y bebidas saludables. Se desarrollar\u00e1n actividades deportivas recreativas como beach voley y f\u00fatbol tenis y algunas otras m\u00e1s dependiente del clima del d\u00eda<\/em><\/strong>&#8216;. <\/span><\/p>\n<p><span style=\"color: #000000;\">El <strong>costo<\/strong> de ingreso ser\u00e1 de<strong> $150<\/strong>: &#8216;<strong><em>Hemos invitado a los chicos del CIEN para que puedan realizar la entrega de premios premios los chicos de Freestyle que van a estar el s\u00e1bado en la plaza con una competencia que a su vez el ganador va a participar de una competencia Nacional&#8217;.<\/em><\/strong><\/span><\/p>\n<p><span style=\"color: #000000;\">Sobre la seguridad en torno al evento puntualiz\u00f3 que &#8216;<strong><em>habr\u00e1 un gran despliegue de la polic\u00eda vial de tr\u00e1nsito municipal para cuidar el ingreso<\/em><\/strong>&#8216;, y para aquellos que no tengan movilidad &#8216;<strong><em>estar\u00e1 disponible de bus tur\u00edstico en la Direcci\u00f3n de Turismo<\/em><\/strong>&#8216;, concluy\u00f3 el funcionario.<\/span><\/p>\n<h5><span style=\"color: #000000;\">\u2022F.B.\u00a0<\/span><\/h5>\n","protected":false},"excerpt":{"rendered":"<p>Ma\u00f1ana martes 21 de septiembre se celebrar\u00e1 el D\u00eda del Estudiante y el D\u00eda de la Primavera por lo que desde &#8230;<\/p>\n","protected":false},"author":8,"featured_media":46220,"comment_status":"open","ping_status":"open","sticky":false,"template":"","format":"standard","meta":{"footnotes":""},"categories":[5,10],"tags":[],"class_list":["post-97524","post","type-post","status-publish","format-standard","has-post-thumbnail","hentry","category-actualidad","category-destacadas"],"_links":{"self":[{"href":"https:\/\/vinasfm.com\/noticias\/wp-json\/wp\/v2\/posts\/97524","targetHints":{"allow":["GET"]}}],"collection":[{"href":"https:\/\/vinasfm.com\/noticias\/wp-json\/wp\/v2\/posts"}],"about":[{"href":"https:\/\/vinasfm.com\/noticias\/wp-json\/wp\/v2\/types\/post"}],"author":[{"embeddable":true,"href":"https:\/\/vinasfm.com\/noticias\/wp-json\/wp\/v2\/users\/8"}],"replies":[{"embeddable":true,"href":"https:\/\/vinasfm.com\/noticias\/wp-json\/wp\/v2\/comments?post=97524"}],"version-history":[{"count":5,"href":"https:\/\/vinasfm.com\/noticias\/wp-json\/wp\/v2\/posts\/97524\/revisions"}],"predecessor-version":[{"id":97651,"href":"https:\/\/vinasfm.com\/noticias\/wp-json\/wp\/v2\/posts\/97524\/revisions\/97651"}],"wp:featuredmedia":[{"embeddable":true,"href":"https:\/\/vinasfm.com\/noticias\/wp-json\/wp\/v2\/media\/46220"}],"wp:attachment":[{"href":"https:\/\/vinasfm.com\/noticias\/wp-json\/wp\/v2\/media?parent=97524"}],"wp:term":[{"taxonomy":"category","embeddable":true,"href":"https:\/\/vinasfm.com\/noticias\/wp-json\/wp\/v2\/categories?post=97524"},{"taxonomy":"post_tag","embeddable":true,"href":"https:\/\/vinasfm.com\/noticias\/wp-json\/wp\/v2\/tags?post=97524"}],"curies":[{"name":"wp","href":"https:\/\/api.w.org\/{rel}","templated":true}]}}