{"id":97479,"date":"2021-09-17T10:00:15","date_gmt":"2021-09-17T13:00:15","guid":{"rendered":"http:\/\/vinasfm.com\/noticias\/?p=97479"},"modified":"2021-09-17T12:00:04","modified_gmt":"2021-09-17T15:00:04","slug":"al-calor-de-las-llamas-revive-la-tradicion-nueva-edicion-de-cuentos-de-fogon","status":"publish","type":"post","link":"https:\/\/vinasfm.com\/noticias\/al-calor-de-las-llamas-revive-la-tradicion-nueva-edicion-de-cuentos-de-fogon\/","title":{"rendered":"LA 40\u00b0 FIESTA NACIONAL DE LA GANADER\u00cdA CONTAR\u00c1 CON UNA NUEVA EDICI\u00d3N DE &#8216;CUENTOS DE FOG\u00d3N&#8217;"},"content":{"rendered":"<h4><span style=\"color: #000000;\"><strong>Historias que se trasladan de generaci\u00f3n en generaci\u00f3n engrosando en cada relato la tradici\u00f3n y al calor de las llamas, el canto y el baile matizado con recitados, pose\u00edas y escritos in\u00e9ditos ser\u00e1n parte de una nueva jornada de Cuentos de Fog\u00f3n.<\/strong><\/span><\/h4>\n<p><span style=\"color: #000000;\">La iniciativa de la <strong>Sociedad Argentina de Escritores (SADE)<\/strong> en General Alvear volver\u00e1 a reunir a escritores, artistas y hacedores culturales dentro del marco de la Fiesta Nacional de la Ganader\u00eda de Zonas \u00c1ridas. La jornada cultural estar\u00e1 acompa\u00f1ada de delicias t\u00edpicas y tambi\u00e9n vinos de excelencia elaborados en el departamento.<\/span><\/p>\n<p><span style=\"color: #000000;\">\u201c<strong><em>Reivindicar la tradici\u00f3n y nuestra cultura a trav\u00e9s de los hombres y las mujeres del campo, ese ser\u00e1 nuestro homenaje. La revalorizaci\u00f3n del sentir m\u00e1s profundo de la argentinidad a trav\u00e9s de las artes y en particular de la escritura, as\u00ed es como se presentar\u00e1 este a\u00f1o Cuentos de Fog\u00f3n<\/em><\/strong>\u201d, sostuvo <strong>Valeria G\u00f3me<\/strong>z, titular de SADE en General Alvear.<\/span><\/p>\n<p><span style=\"color: #000000;\">El <strong>jueves 7 de octubre desde las 21hs<\/strong>, la literatura, el canto y el baile volver\u00e1n a reunir a hacedores culturales y p\u00fablico en general de manera presencial en el predio ferial, para rescatar del vasto mundo de las historias camperas.<\/span><\/p>\n<p><span style=\"color: #000000;\">\u201c<strong><em>La invitaci\u00f3n es abierta para todos los escritores que integran SADE pero adem\u00e1s pretendemos sumar a j\u00f3venes que escriben y muy bien en Alvear, como as\u00ed tambi\u00e9n abrir la participaci\u00f3n a las escuelas. Los escritores independientes que quieran sumarse pueden contactarse con SADE, tenemos las puertas abiertas para todos<\/em><\/strong>\u201d, coment\u00f3 G\u00f3mez.<\/span><\/p>\n","protected":false},"excerpt":{"rendered":"<p>Historias que se trasladan de generaci\u00f3n en generaci\u00f3n engrosando en cada relato la tradici\u00f3n y al calor de las llamas, el &#8230;<\/p>\n","protected":false},"author":8,"featured_media":97480,"comment_status":"open","ping_status":"open","sticky":false,"template":"","format":"standard","meta":{"footnotes":""},"categories":[5,28],"tags":[],"class_list":["post-97479","post","type-post","status-publish","format-standard","has-post-thumbnail","hentry","category-actualidad","category-fiesta-nacional-de-la-ganaderia"],"_links":{"self":[{"href":"https:\/\/vinasfm.com\/noticias\/wp-json\/wp\/v2\/posts\/97479","targetHints":{"allow":["GET"]}}],"collection":[{"href":"https:\/\/vinasfm.com\/noticias\/wp-json\/wp\/v2\/posts"}],"about":[{"href":"https:\/\/vinasfm.com\/noticias\/wp-json\/wp\/v2\/types\/post"}],"author":[{"embeddable":true,"href":"https:\/\/vinasfm.com\/noticias\/wp-json\/wp\/v2\/users\/8"}],"replies":[{"embeddable":true,"href":"https:\/\/vinasfm.com\/noticias\/wp-json\/wp\/v2\/comments?post=97479"}],"version-history":[{"count":4,"href":"https:\/\/vinasfm.com\/noticias\/wp-json\/wp\/v2\/posts\/97479\/revisions"}],"predecessor-version":[{"id":97483,"href":"https:\/\/vinasfm.com\/noticias\/wp-json\/wp\/v2\/posts\/97479\/revisions\/97483"}],"wp:featuredmedia":[{"embeddable":true,"href":"https:\/\/vinasfm.com\/noticias\/wp-json\/wp\/v2\/media\/97480"}],"wp:attachment":[{"href":"https:\/\/vinasfm.com\/noticias\/wp-json\/wp\/v2\/media?parent=97479"}],"wp:term":[{"taxonomy":"category","embeddable":true,"href":"https:\/\/vinasfm.com\/noticias\/wp-json\/wp\/v2\/categories?post=97479"},{"taxonomy":"post_tag","embeddable":true,"href":"https:\/\/vinasfm.com\/noticias\/wp-json\/wp\/v2\/tags?post=97479"}],"curies":[{"name":"wp","href":"https:\/\/api.w.org\/{rel}","templated":true}]}}