{"id":97447,"date":"2021-09-16T23:59:31","date_gmt":"2021-09-17T02:59:31","guid":{"rendered":"http:\/\/vinasfm.com\/noticias\/?p=97447"},"modified":"2021-09-17T12:04:40","modified_gmt":"2021-09-17T15:04:40","slug":"vacunacion-la-clave-para-reducir-los-efectos-de-la-pandemia-de-covid-19","status":"publish","type":"post","link":"https:\/\/vinasfm.com\/noticias\/vacunacion-la-clave-para-reducir-los-efectos-de-la-pandemia-de-covid-19\/","title":{"rendered":"VACUNACI\u00d3N, LA CLAVE PARA REDUCIR LOS EFECTOS DE LA PANDEMIA DE COVID-19"},"content":{"rendered":"<h4><span style=\"color: #000000;\"><strong>En las \u00faltimas semanas, se han reducido en Alvear y la regi\u00f3n los \u00edndices que marcan los efectos de la pandemia de Covid-19. La incidencia en cuanto a la positividad y la mortalidad es menor seg\u00fan los registros del Hospital &#8216;Enfermeros Argentinos&#8217; que ha liderado en Alvear la lucha contra el virus que tiene en vilo al mundo entero.<\/strong><\/span><\/h4>\n<div id=\"attachment_41236\" style=\"width: 300px\" class=\"wp-caption alignleft\"><a style=\"color: #000000;\" href=\"http:\/\/vinasfm.com\/noticias\/wp-content\/uploads\/2018\/09\/HOSPITAL.jpg\"><img loading=\"lazy\" decoding=\"async\" aria-describedby=\"caption-attachment-41236\" class=\"size-medium wp-image-41236\" src=\"http:\/\/vinasfm.com\/noticias\/wp-content\/uploads\/2018\/09\/HOSPITAL-300x196.jpg\" alt=\"\" width=\"300\" height=\"196\" srcset=\"https:\/\/vinasfm.com\/noticias\/wp-content\/uploads\/2018\/09\/HOSPITAL-300x196.jpg 300w, https:\/\/vinasfm.com\/noticias\/wp-content\/uploads\/2018\/09\/HOSPITAL.jpg 736w\" sizes=\"auto, (max-width: 300px) 100vw, 300px\" \/><\/a><p id=\"caption-attachment-41236\" class=\"wp-caption-text\"><span style=\"color: #000000;\">Hospital Enfermeros Argentinos.<\/span><\/p><\/div>\n<p><span style=\"color: #000000;\">Analizando la situaci\u00f3n epidemiol\u00f3gica actual, que no significa que sea permanente, el <strong>Director del Hospital Dr. Fabio G\u00f3mez Parra<\/strong> se\u00f1al\u00f3 en di\u00e1logo con <strong>F.M. VI\u00d1AS:<\/strong>\u00a0&#8216;<strong><em>En estos momentos el nivel de internaci\u00f3n en el Hospital Enfermeros Argentinos es del 25% y hay que destacar que la positividad es baja respecto a meses anteriores ya que los hisopados en su gran mayor\u00eda arrojan resultado negativo<\/em><\/strong>&#8216;, asegur\u00f3, quien en la misma l\u00ednea sostuvo que est\u00e1n atentos a las nuevas medidas que puedan surgir eventualmente ante el reporte de casos de la variante Delta en otros lugares del pa\u00eds.<\/span><\/p>\n<p><span style=\"color: #000000;\"><strong>El avance de la inmunizaci\u00f3n<\/strong> en el <strong>Vacunatorio Central, Polideportivo, Centros de Salud<\/strong> y <strong>SUM barriales<\/strong> ha sido clave para morigerar los efectos del Coronavirus: &#8216;<strong><em>Hasta el pasado fin de semana se han aplicado en Alvear m\u00e1s de 55 mil dosis de la vacuna contra el Covid-19 y m\u00e1s de 20 mil alvearenses ya cuentan con el esquema completo lo que representa un operativo exitoso no solo en cuanto a la organizaci\u00f3n y distribuci\u00f3n sino en los resultados que vemos reflejados diariamente en la reducci\u00f3n de los casos<\/em><\/strong>&#8216;, indic\u00f3 G\u00f3mez Parra.<\/span><\/p>\n<p><span style=\"color: #000000;\">En este sentido subray\u00f3: &#8216;<strong><em>En pleno pico de la segunda ola que sufrimos en abril y mayo dec\u00edamos que lo que nos iba a sacar de esa situaci\u00f3n era la vacuna porque lo vivimos en carne propia en el hospital que est\u00e1bamos d\u00eda a d\u00eda frente al virus<\/em><\/strong>&#8216;, record\u00f3 el director del nosocomio local y\u00a0agradeci\u00f3 las<strong> gestiones del municipio, del Concejo Deliberante, instituciones intermedias, entidades y organismos que colaboraron para equipar el Hospital<\/strong> con el fin de hacer frente a este flagelo.<\/span><\/p>\n<blockquote>\n<p style=\"text-align: center;\"><span style=\"color: #000000;\"><strong><em>&#8216;La vacuna no garantiza que no te vayas a contagiar sino que puedas pasar bien el periodo de transito de la patolog\u00eda&#8217;\u00a0<\/em><\/strong><\/span><\/p>\n<\/blockquote>\n<p><span style=\"color: #000000;\">Consultado si los adultos mayores son los m\u00e1s vulnerables frente al virus, explic\u00f3 que &#8216;<strong><em>hay una tendencia marcada en la que adultos mayores necesitan criterio de internaci\u00f3n pero tambi\u00e9n se da en personas m\u00e1s j\u00f3venes ya que esta patolog\u00eda, como el resto, se comporta de forma distinta de acuerdo al organismo<\/em><\/strong>&#8216;. Rescat\u00f3 que <strong>en el caso de<\/strong> <strong>pacientes positivos para Covid-19 que han sido previamente vacunados<\/strong> se nota que <strong>los efectos adversos del virus son menores<\/strong>.<\/span><\/p>\n<h5><span style=\"color: #000000;\">\u2022F.B. (F.M. Vi\u00f1as).<\/span><\/h5>\n","protected":false},"excerpt":{"rendered":"<p>En las \u00faltimas semanas, se han reducido en Alvear y la regi\u00f3n los \u00edndices que marcan los efectos de la pandemia &#8230;<\/p>\n","protected":false},"author":8,"featured_media":92442,"comment_status":"open","ping_status":"open","sticky":false,"template":"","format":"standard","meta":{"footnotes":""},"categories":[5,15],"tags":[],"class_list":["post-97447","post","type-post","status-publish","format-standard","has-post-thumbnail","hentry","category-actualidad","category-salud"],"_links":{"self":[{"href":"https:\/\/vinasfm.com\/noticias\/wp-json\/wp\/v2\/posts\/97447","targetHints":{"allow":["GET"]}}],"collection":[{"href":"https:\/\/vinasfm.com\/noticias\/wp-json\/wp\/v2\/posts"}],"about":[{"href":"https:\/\/vinasfm.com\/noticias\/wp-json\/wp\/v2\/types\/post"}],"author":[{"embeddable":true,"href":"https:\/\/vinasfm.com\/noticias\/wp-json\/wp\/v2\/users\/8"}],"replies":[{"embeddable":true,"href":"https:\/\/vinasfm.com\/noticias\/wp-json\/wp\/v2\/comments?post=97447"}],"version-history":[{"count":3,"href":"https:\/\/vinasfm.com\/noticias\/wp-json\/wp\/v2\/posts\/97447\/revisions"}],"predecessor-version":[{"id":97547,"href":"https:\/\/vinasfm.com\/noticias\/wp-json\/wp\/v2\/posts\/97447\/revisions\/97547"}],"wp:featuredmedia":[{"embeddable":true,"href":"https:\/\/vinasfm.com\/noticias\/wp-json\/wp\/v2\/media\/92442"}],"wp:attachment":[{"href":"https:\/\/vinasfm.com\/noticias\/wp-json\/wp\/v2\/media?parent=97447"}],"wp:term":[{"taxonomy":"category","embeddable":true,"href":"https:\/\/vinasfm.com\/noticias\/wp-json\/wp\/v2\/categories?post=97447"},{"taxonomy":"post_tag","embeddable":true,"href":"https:\/\/vinasfm.com\/noticias\/wp-json\/wp\/v2\/tags?post=97447"}],"curies":[{"name":"wp","href":"https:\/\/api.w.org\/{rel}","templated":true}]}}