{"id":97418,"date":"2021-09-16T23:59:25","date_gmt":"2021-09-17T02:59:25","guid":{"rendered":"http:\/\/vinasfm.com\/noticias\/?p=97418"},"modified":"2021-09-17T12:04:46","modified_gmt":"2021-09-17T15:04:46","slug":"la-directora-de-cultura-anuncio-que-habria-espectaculos-en-el-cine-teatro-hasta-fin-de-ano","status":"publish","type":"post","link":"https:\/\/vinasfm.com\/noticias\/la-directora-de-cultura-anuncio-que-habria-espectaculos-en-el-cine-teatro-hasta-fin-de-ano\/","title":{"rendered":"AGENDA: DESDE CULTURA ANUNCIARON LOS ESPECT\u00c1CULOS QUE HABR\u00c1 EN EL CINE TEATRO"},"content":{"rendered":"<h4><strong><span style=\"color: #000000;\">La agenda cultural del Municipio se llena de eventos para las pr\u00f3ximas semanas y Liana Piedrafita asegur\u00f3 que est\u00e1n trabajando en los detalles para la puesta en escenas de diversos espect\u00e1culos hasta fin de a\u00f1o.<\/span><\/strong><\/h4>\n<p><span style=\"color: #000000;\">Despu\u00e9s de mucho tiempo con actividad reducida para los artistas en el pa\u00eds, en di\u00e1logo con <strong>FM Vi\u00f1as Liana Piedrafita<\/strong> manifest\u00f3: <em><strong>\u00abTodos se dar\u00e1n cuenta de que hay deseo de participar en eventos, y por eso productoras de Buenos Aires, Mendoza y tambi\u00e9n los productores locales nos han pedido fechas\u00bb<\/strong>.\u00a0<\/em><\/span><\/p>\n<p><span style=\"color: #000000;\">Por otra parte, la funcionaria reconoci\u00f3 la participaci\u00f3n local, que es fundamental para sostener estos eventos. <em><strong>\u00abQuiero agradecer al p\u00fablico alvearense por aceptar las propuestas. Los \u00faltimos dos eventos fueron masivos y estamos trabajando a un 70%, que son una 300 personas. As\u00ed que estamos cerca de lo que hac\u00edamos anteriormente\u00bb<\/strong><\/em>, detall\u00f3.<\/span><\/p>\n<p><span style=\"color: #000000;\">En cuanto a las pr\u00f3ximas semanas, estos son los principales eventos organizados por el Municipio:<\/span><\/p>\n<ul>\n<li><strong><span style=\"color: #000000;\">Viernes 17 de septiembre. 19:30 hs.&#8217;Fantays On Ice&#8217;, show sobre hielo. En Cine Teatro Antonio Lafalla. (Entrada $300).<\/span><\/strong><\/li>\n<li><strong><span style=\"color: #000000;\">Domingo 19 de septiembre. 18 hs. Doble Tributo a Carlos Rivera y Luciano Pereyra, por Mat\u00edas Fredes y Lucas Napoli. (Entrada $300)<\/span><\/strong><\/li>\n<li><span style=\"color: #000000;\"><strong>S\u00e1bado 02 de octubre- 20 hs. \u00c1gape de Cierre y entrega de premios de la IV Bienal de Arte Atuel 2020. En Monumento Hist\u00f3rico Nacional Bodega Fara\u00f3n. Show en vivo de &#8216;Jazz Board Tr\u00edo&#8217;<\/strong>.<\/span><\/li>\n<\/ul>\n<p><span style=\"color: #000000;\">Por otra parte, cabe destacar que desde este s\u00e1bado a las 18 hs se dictar\u00e1n clases de tango, a cargo del profesor Juan Pablo Guerrera. Los interesados deben comunicarse al tel\u00e9fono 2604645869.<\/span><\/p>\n<h5><span style=\"color: #000000;\">\u2022<strong>L.A.<\/strong><\/span><\/h5>\n","protected":false},"excerpt":{"rendered":"<p>La agenda cultural del Municipio se llena de eventos para las pr\u00f3ximas semanas y Liana Piedrafita asegur\u00f3 que est\u00e1n trabajando en &#8230;<\/p>\n","protected":false},"author":7,"featured_media":97451,"comment_status":"open","ping_status":"open","sticky":false,"template":"","format":"standard","meta":{"footnotes":""},"categories":[5,19],"tags":[],"class_list":["post-97418","post","type-post","status-publish","format-standard","has-post-thumbnail","hentry","category-actualidad","category-cultura"],"_links":{"self":[{"href":"https:\/\/vinasfm.com\/noticias\/wp-json\/wp\/v2\/posts\/97418","targetHints":{"allow":["GET"]}}],"collection":[{"href":"https:\/\/vinasfm.com\/noticias\/wp-json\/wp\/v2\/posts"}],"about":[{"href":"https:\/\/vinasfm.com\/noticias\/wp-json\/wp\/v2\/types\/post"}],"author":[{"embeddable":true,"href":"https:\/\/vinasfm.com\/noticias\/wp-json\/wp\/v2\/users\/7"}],"replies":[{"embeddable":true,"href":"https:\/\/vinasfm.com\/noticias\/wp-json\/wp\/v2\/comments?post=97418"}],"version-history":[{"count":7,"href":"https:\/\/vinasfm.com\/noticias\/wp-json\/wp\/v2\/posts\/97418\/revisions"}],"predecessor-version":[{"id":97474,"href":"https:\/\/vinasfm.com\/noticias\/wp-json\/wp\/v2\/posts\/97418\/revisions\/97474"}],"wp:featuredmedia":[{"embeddable":true,"href":"https:\/\/vinasfm.com\/noticias\/wp-json\/wp\/v2\/media\/97451"}],"wp:attachment":[{"href":"https:\/\/vinasfm.com\/noticias\/wp-json\/wp\/v2\/media?parent=97418"}],"wp:term":[{"taxonomy":"category","embeddable":true,"href":"https:\/\/vinasfm.com\/noticias\/wp-json\/wp\/v2\/categories?post=97418"},{"taxonomy":"post_tag","embeddable":true,"href":"https:\/\/vinasfm.com\/noticias\/wp-json\/wp\/v2\/tags?post=97418"}],"curies":[{"name":"wp","href":"https:\/\/api.w.org\/{rel}","templated":true}]}}