{"id":97410,"date":"2021-09-16T23:58:07","date_gmt":"2021-09-17T02:58:07","guid":{"rendered":"http:\/\/vinasfm.com\/noticias\/?p=97410"},"modified":"2021-09-17T08:46:59","modified_gmt":"2021-09-17T11:46:59","slug":"el-intendente-marcolini-analizo-el-resultado-de-las-paso-la-gente-opto-por-una-propuesta-politica-distinta-a-la-del-kirchnerismo","status":"publish","type":"post","link":"https:\/\/vinasfm.com\/noticias\/el-intendente-marcolini-analizo-el-resultado-de-las-paso-la-gente-opto-por-una-propuesta-politica-distinta-a-la-del-kirchnerismo\/","title":{"rendered":"EL INTENDENTE MARCOLINI ANALIZ\u00d3 EL RESULTADO DE LAS PASO: &#8216;LA GENTE OPT\u00d3 POR UNA PROPUESTA POL\u00cdTICA DISTINTA A LA DEL KIRCHNERISMO&#8217;"},"content":{"rendered":"<h4><strong><span style=\"color: #000000;\">El pasado domingo 12 de septiembre, Alvear ratific\u00f3 contundentemente al Frente Cambia Mendoza con el 48,28% de los votos, 27 puntos por encima del Frente de Todos. &#8216;<em>Fue una elecci\u00f3n hist\u00f3rica para nuestro frente ya que por elecci\u00f3n de los alvearenses ganamos en todos los distritos del departamento<\/em>&#8216;, consider\u00f3 el Intendente Walther Marcolini, quien analiz\u00f3 el resultado de las PASO marcando el camino hacia las Elecciones Generales.<\/span><\/strong><\/h4>\n<p><span style=\"color: #000000;\">Profundizando en su an\u00e1lisis sobre la victoria en las PASO del pasado domingo, el <strong>Intendente Walther Marcolini<\/strong> sostuvo en di\u00e1logo con <b>F.M. VI\u00d1AS: <em>&#8216;Gracias a Dios se ha hecho una buena elecci\u00f3n en toda la provincia donde la sociedad ha acompa\u00f1ado en un proceso que ha sido dif\u00edcil\u00a0por la pandemia y la situaci\u00f3n general que tambi\u00e9n ha derivado de la situaci\u00f3n econ\u00f3mica del pa\u00eds<\/em>&#8216;,\u00a0<\/b>manifest\u00f3.<\/span><\/p>\n<div id=\"attachment_94791\" style=\"width: 300px\" class=\"wp-caption alignright\"><a style=\"color: #000000;\" href=\"http:\/\/vinasfm.com\/noticias\/wp-content\/uploads\/2021\/08\/Marcolini-con-barbijo.jpeg\"><img loading=\"lazy\" decoding=\"async\" aria-describedby=\"caption-attachment-94791\" class=\"size-medium wp-image-94791\" src=\"http:\/\/vinasfm.com\/noticias\/wp-content\/uploads\/2021\/08\/Marcolini-con-barbijo-300x196.jpeg\" alt=\"\" width=\"300\" height=\"196\" srcset=\"https:\/\/vinasfm.com\/noticias\/wp-content\/uploads\/2021\/08\/Marcolini-con-barbijo-300x196.jpeg 300w, https:\/\/vinasfm.com\/noticias\/wp-content\/uploads\/2021\/08\/Marcolini-con-barbijo.jpeg 720w\" sizes=\"auto, (max-width: 300px) 100vw, 300px\" \/><\/a><p id=\"caption-attachment-94791\" class=\"wp-caption-text\"><span style=\"color: #000000;\">Intendente Walther Marcolini.<\/span><\/p><\/div>\n<p><span style=\"color: #000000;\"><strong>Seis de las fuerzas pol\u00edticas lograron superar el umbral del 3% del total del padr\u00f3n<\/strong> que establece la Ley Electoral como el <em>Frente Cambia Mendoza<\/em>, el <em>Partido Verde, Vamos Mendocinos, Compromiso Federal<\/em>, el <em>Frente de Todos<\/em> y el <em>Partido Federal<\/em> pero la mirada tambi\u00e9n est\u00e1 puesta en el <strong>8% que vot\u00f3 en blanco<\/strong>: &#8216;<strong><em>Eso significa todo un mensaje por parte de la ciudadan\u00eda que no encontr\u00f3 ninguna opci\u00f3n ante su desencanto y decepci\u00f3n por lo que nos tiene que llamar a la reflexi\u00f3n, algo que estamos haciendo, y pretendemos seguir trabajando para brindarle a los alvearenses las condiciones de crecimiento y desarrollo para responder a ese mensaje<\/em><\/strong>&#8216;, analiz\u00f3 el Presidente de la UCR en Alvear.<\/span><\/p>\n<p><span style=\"color: #000000;\">En este sentido, el Jefe Comunal revel\u00f3 que los principales reclamos de la gente tiene que ver con el desempleo y el descontento con las pol\u00edticas nacionales respecto al manejo de la econom\u00eda: &#8216;<strong><em>En toda encuesta el miedo a la pandemia ha pasado a un tercer lugar ya que las principales preocupaciones de las familias tienen que ver con la inflaci\u00f3n y la falta de trabajo genuino<\/em><\/strong>&#8216;, resalt\u00f3.<\/span><\/p>\n<p><span style=\"color: #000000;\">Con los resultados de este domingo, la lista de candidatos a concejales del\u00a0<strong>Frente Cambia Mendoza<\/strong> est\u00e1 compuesta por <strong>Hern\u00e1n Climent, Alejandra Torti, Adri\u00e1n Caltabiano y Cecilia Ariet: <\/strong>&#8216;<strong><em>Hasta ahora no nos hemos encontrado con Caltabiano, estoy a la espera de que considere acercarse a conversar. El domingo los esperamos en el Comit\u00e9 a los integrantes de la Lista 503B pero nunca llegaron, entendemos que se quieran tomar unos d\u00edas de descanso; nosotros no tenemos esa opci\u00f3n porque estamos trabajando por la gente y nunca hemos descansado de nuestras obligaciones<\/em><\/strong>&#8216;, asegur\u00f3 Marcolini.<\/span><\/p>\n<p><span style=\"color: #000000;\">En la misma l\u00ednea subray\u00f3 que le ha pedido a todos su funcionarios y a quienes son candidatos para las elecciones del 14 de noviembre que contin\u00faen abocados en sus tareas <strong><em>&#8216;siempre teniendo como eje la resoluci\u00f3n de los problemas estructurales del departamento<\/em><\/strong>&#8216;, y agreg\u00f3: &#8216;<strong><em>Lo que nos avala frente a la sociedad es continuar fortaleciendo la gesti\u00f3n<\/em><\/strong>&#8216;.<\/span><\/p>\n<p><a href=\"http:\/\/vinasfm.com\/noticias\/wp-content\/uploads\/2021\/09\/tw.png\"><img loading=\"lazy\" decoding=\"async\" class=\" wp-image-97435 aligncenter\" src=\"http:\/\/vinasfm.com\/noticias\/wp-content\/uploads\/2021\/09\/tw-300x63.png\" alt=\"\" width=\"762\" height=\"160\" srcset=\"https:\/\/vinasfm.com\/noticias\/wp-content\/uploads\/2021\/09\/tw-300x63.png 300w, https:\/\/vinasfm.com\/noticias\/wp-content\/uploads\/2021\/09\/tw.png 594w\" sizes=\"auto, (max-width: 762px) 100vw, 762px\" \/><\/a><\/p>\n<p><span style=\"color: #000000;\">Evaluando los resultados del escrutinio definitivo en el sur mendocino, en mandatario municipal celebr\u00f3 el &#8216;<strong><em>n\u00famero logrado<\/em><\/strong>&#8216; y lo calific\u00f3 como &#8216;<strong><em>importante para Cambia Mendoza ya que se gan\u00f3 en San Rafael donde se consolidaron los candidatos a legisladores como Abel Freidemberg, Gisela Vald\u00e9s y Jos\u00e9 Vilches<\/em><\/strong>&#8216;.<\/span><\/p>\n<p><span style=\"color: #000000;\">&#8216;<strong><em>Alfredo Cornejo y Rodolfo Su\u00e1rez fueron claros ya que Cambia Mendoza consigui\u00f3 un apoyo muy importante en lugares gobernados por el Frente de Todos como Maip\u00fa y San Rafael<\/em><\/strong>&#8216;, destac\u00f3 Marcolini, quien record\u00f3 que el Justicialismo hac\u00eda mucho tiempo que no perd\u00eda por una diferencia de seis puntos &#8216;<strong><em>que refleja lo nacional precisamente por el enojo de la sociedad con las pol\u00edticas del Gobierno de Fern\u00e1ndez<\/em><\/strong>&#8216;.<\/span><\/p>\n<p><span style=\"color: #000000;\">Valorando y ratificando el manejo de la pandemia por parte del Gobierno de Mendoza, que equilibr\u00f3 lo sanitario y lo econ\u00f3mico, a diferencia del Gobierno Nacional, puntualiz\u00f3:<em>\u00a0&#8216;<strong>Est\u00e1<\/strong><\/em><strong><em> claro que un a\u00f1o y medio sin educaci\u00f3n ni soluciones econ\u00f3micas ha generado un duro impacto en la sociedad que analiz\u00f3 lo que se hizo en Mendoza y en contrapartida c\u00f3mo manej\u00f3 la pandemia el Gobierno Nacional y por eso las elecciones arrojaron el resultado que todos conocemos&#8217;.<\/em><\/strong><\/span><\/p>\n<p><span style=\"color: #000000;\">En cuanto al duro golpe que sufri\u00f3 el Frente de Todos en 17 provincias del pa\u00eds, el intendente sostuvo: &#8216;<strong><em>La sociedad est\u00e1 esperando respuestas concretas ante la mala administraci\u00f3n y errores garrafales del gobierno de Fern\u00e1ndez, que de forma improvisada ha empeorado la situaci\u00f3n en un pa\u00eds que quiere ser serio y previsible pero con el atropello del kirchnerismo<\/em><\/strong>&#8216;.<\/span><\/p>\n<p><span style=\"color: #000000;\">Con el fin de revertir lo sucedido en las PASO, &#8216;<strong><em>el Gobierno Nacional saldr\u00e1 a anunciar una bater\u00eda de medidas que tendr\u00e1n basamento en la emisi\u00f3n desenfrenada que a mediano y largo plazo generar\u00e1 subir los \u00edndices de inflaci\u00f3n y pobreza. Esto no nos hace previsibles para el mundo y nada tiene que ver con el desarrollo que quiere a gran mayor\u00eda de los argentinos<\/em><\/strong>&#8216;.<\/span><\/p>\n<p><span style=\"color: #000000;\">Finalmente consign\u00f3 que la oposici\u00f3n a nivel nacional tiene que unirse y no pensar que esto es un cheque en blanco &#8216;<strong><em>porque en muchas provincias donde se consiguieron triunfos impensados fue en interna donde hay varias listas que tendr\u00e1n que lograr armonizar bien para que noviembre se vea consolidado Juntos por el Cambio y haya un composici\u00f3n en el Congreso donde sean m\u00e1s equilibrados los n\u00fameros que obligue al Ejecutivo Nacional a buscar consensos y no profundizar el populismo hacia a nada<\/em><\/strong>&#8216;.<\/span><\/p>\n<h5><span style=\"color: #000000;\">\u2022F.B. (F.M. Vi\u00f1as).<\/span><\/h5>\n","protected":false},"excerpt":{"rendered":"<p>El pasado domingo 12 de septiembre, Alvear ratific\u00f3 contundentemente al Frente Cambia Mendoza con el 48,28% de los votos, 27 puntos &#8230;<\/p>\n","protected":false},"author":8,"featured_media":97166,"comment_status":"open","ping_status":"open","sticky":false,"template":"","format":"standard","meta":{"footnotes":""},"categories":[5,23,7],"tags":[],"class_list":["post-97410","post","type-post","status-publish","format-standard","has-post-thumbnail","hentry","category-actualidad","category-elecciones","category-politica"],"_links":{"self":[{"href":"https:\/\/vinasfm.com\/noticias\/wp-json\/wp\/v2\/posts\/97410","targetHints":{"allow":["GET"]}}],"collection":[{"href":"https:\/\/vinasfm.com\/noticias\/wp-json\/wp\/v2\/posts"}],"about":[{"href":"https:\/\/vinasfm.com\/noticias\/wp-json\/wp\/v2\/types\/post"}],"author":[{"embeddable":true,"href":"https:\/\/vinasfm.com\/noticias\/wp-json\/wp\/v2\/users\/8"}],"replies":[{"embeddable":true,"href":"https:\/\/vinasfm.com\/noticias\/wp-json\/wp\/v2\/comments?post=97410"}],"version-history":[{"count":7,"href":"https:\/\/vinasfm.com\/noticias\/wp-json\/wp\/v2\/posts\/97410\/revisions"}],"predecessor-version":[{"id":97436,"href":"https:\/\/vinasfm.com\/noticias\/wp-json\/wp\/v2\/posts\/97410\/revisions\/97436"}],"wp:featuredmedia":[{"embeddable":true,"href":"https:\/\/vinasfm.com\/noticias\/wp-json\/wp\/v2\/media\/97166"}],"wp:attachment":[{"href":"https:\/\/vinasfm.com\/noticias\/wp-json\/wp\/v2\/media?parent=97410"}],"wp:term":[{"taxonomy":"category","embeddable":true,"href":"https:\/\/vinasfm.com\/noticias\/wp-json\/wp\/v2\/categories?post=97410"},{"taxonomy":"post_tag","embeddable":true,"href":"https:\/\/vinasfm.com\/noticias\/wp-json\/wp\/v2\/tags?post=97410"}],"curies":[{"name":"wp","href":"https:\/\/api.w.org\/{rel}","templated":true}]}}