{"id":97407,"date":"2021-09-16T23:59:17","date_gmt":"2021-09-17T02:59:17","guid":{"rendered":"http:\/\/vinasfm.com\/noticias\/?p=97407"},"modified":"2021-09-17T08:44:49","modified_gmt":"2021-09-17T11:44:49","slug":"desde-hoy-y-hasta-el-22-se-fomenta-la-semana-de-la-movilidad-sustentable-con-descuentos-en-bicicleterias-departamentales","status":"publish","type":"post","link":"https:\/\/vinasfm.com\/noticias\/desde-hoy-y-hasta-el-22-se-fomenta-la-semana-de-la-movilidad-sustentable-con-descuentos-en-bicicleterias-departamentales\/","title":{"rendered":"HABR\u00c1 DESCUENTOS EN BICICLETER\u00cdAS POR LA SEMANA DE LA MOVILIDAD SUSTENTABLE"},"content":{"rendered":"<h4><strong><span style=\"color: #000000;\">Desde el 16 hasta el 22 de septiembre se celebra la semana de la movilidad sustentable a nivel mundial y desde el municipio se decidi\u00f3 fomentar el uso de movilidades sustentables a lo largo del departamento con la firma de convenios con bicicleter\u00edas locales.<\/span><\/strong><\/h4>\n<p><span style=\"color: #000000;\">En nuestro departamento se puede ver que muchos vecinos eligen salir caminar o andar en bicicleta por las dimensiones cercanas que contamos, en di\u00e1logo con <strong><strong>F.M. VI\u00d1AS<\/strong><em> el Director de Gesti\u00f3n Ambiental Rainero Caterbetti<\/em><\/strong> expres\u00f3: <strong><em>&#8216;En el marco de la semana de la movilidad sustentable la municipalidad de General Alvear ha decidido fomentar este tipo de movilidades a lo largo de la ciudad con un programa de descuentos en varias bicicleterias del departamento, este programa de descuento que va desde descuento en pago efectivo, cuotas y dem\u00e1s facilidades&#8217;<\/em><\/strong>.<\/span><\/p>\n<p><span style=\"color: #000000;\"><strong><em>&#8216;Si cada uno de nosotros podemos en esta semana andar en una movilidad sustentable ya sea caminar, andar en bicicleta o alguna movilidad electr\u00f3nicas, es un granito de arena&#8217;,<\/em><\/strong> se\u00f1al\u00f3 el Director, se busca en esta semana reducir la emisi\u00f3n de gases de efecto invernadero que gran contribuyente al calentamiento global y al cambio clim\u00e1tico afectando a todo el planeta.<\/span><\/p>\n<p><span style=\"color: #000000;\">Los descuentos y el convenio se realiz\u00f3 con cuatro bicicleter\u00edas del departamento, <strong><em>Rodados Lalik, Rodados Alvear, Solo Bici y Bike Pro, los descuentos van desde el 20% y el 35% tanto en bicicletas y equipamiento para bicicletas.<\/em><\/strong><\/span><\/p>\n<h5><span style=\"color: #000000;\"> \u2022C.F.<\/span><\/h5>\n","protected":false},"excerpt":{"rendered":"<p>Desde el 16 hasta el 22 de septiembre se celebra la semana de la movilidad sustentable a nivel mundial y desde &#8230;<\/p>\n","protected":false},"author":7,"featured_media":97450,"comment_status":"open","ping_status":"open","sticky":false,"template":"","format":"standard","meta":{"footnotes":""},"categories":[5,34],"tags":[],"class_list":["post-97407","post","type-post","status-publish","format-standard","has-post-thumbnail","hentry","category-actualidad","category-medio-ambiente"],"_links":{"self":[{"href":"https:\/\/vinasfm.com\/noticias\/wp-json\/wp\/v2\/posts\/97407","targetHints":{"allow":["GET"]}}],"collection":[{"href":"https:\/\/vinasfm.com\/noticias\/wp-json\/wp\/v2\/posts"}],"about":[{"href":"https:\/\/vinasfm.com\/noticias\/wp-json\/wp\/v2\/types\/post"}],"author":[{"embeddable":true,"href":"https:\/\/vinasfm.com\/noticias\/wp-json\/wp\/v2\/users\/7"}],"replies":[{"embeddable":true,"href":"https:\/\/vinasfm.com\/noticias\/wp-json\/wp\/v2\/comments?post=97407"}],"version-history":[{"count":9,"href":"https:\/\/vinasfm.com\/noticias\/wp-json\/wp\/v2\/posts\/97407\/revisions"}],"predecessor-version":[{"id":97459,"href":"https:\/\/vinasfm.com\/noticias\/wp-json\/wp\/v2\/posts\/97407\/revisions\/97459"}],"wp:featuredmedia":[{"embeddable":true,"href":"https:\/\/vinasfm.com\/noticias\/wp-json\/wp\/v2\/media\/97450"}],"wp:attachment":[{"href":"https:\/\/vinasfm.com\/noticias\/wp-json\/wp\/v2\/media?parent=97407"}],"wp:term":[{"taxonomy":"category","embeddable":true,"href":"https:\/\/vinasfm.com\/noticias\/wp-json\/wp\/v2\/categories?post=97407"},{"taxonomy":"post_tag","embeddable":true,"href":"https:\/\/vinasfm.com\/noticias\/wp-json\/wp\/v2\/tags?post=97407"}],"curies":[{"name":"wp","href":"https:\/\/api.w.org\/{rel}","templated":true}]}}