{"id":97386,"date":"2021-09-15T13:30:58","date_gmt":"2021-09-15T16:30:58","guid":{"rendered":"http:\/\/vinasfm.com\/noticias\/?p=97386"},"modified":"2021-09-16T18:51:47","modified_gmt":"2021-09-16T21:51:47","slug":"sintesis-policial-esto-paso-en-alvear-durante-las-ultimas-horas-2","status":"publish","type":"post","link":"https:\/\/vinasfm.com\/noticias\/sintesis-policial-esto-paso-en-alvear-durante-las-ultimas-horas-2\/","title":{"rendered":"S\u00cdNTESIS POLICIAL: ESTO PAS\u00d3 EN ALVEAR DURANTE LAS \u00daLTIMAS HORAS"},"content":{"rendered":"<p><span style=\"color: #000000;\"><strong>Desde Comisar\u00eda 14\u00b0 informaron sobre un procedimiento de rutina en el que detuvieron a un joven por circular sobre una motocicleta con documentaci\u00f3n adulterada. Adem\u00e1s, anoche v\u00e1ndalos arrojaron pintura contra el frente del Instituto San Antonio.<\/strong><\/span><\/p>\n<p><span style=\"color: #000000;\">Este <strong>martes a las 11:40hs,<\/strong> <strong>personal de UMAR<\/strong> en patrullaje preventivo en inmediaciones de <strong>calle P\u00fablica y Castro<\/strong> <strong>procedi\u00f3 a controlar al ocupante de una moto KELLER 110cc<\/strong>, color rojo, sin patente.<\/span><\/p>\n<p><span style=\"color: #000000;\"><strong>Cuando verificaron el n\u00famero de chasis y motor los mismos estaban adulterados<\/strong>, por tal motivo el joven, con domicilio en Barrio Costa del Atuel, <strong>qued\u00f3 detenido<\/strong> hasta que se realicen las pericias correspondientes.<\/span><\/p>\n<p><span style=\"color: #000000;\">Respecto al <strong>hecho vand\u00e1lico que sufri\u00f3 el Instituto San Antonio<\/strong>, se conoci\u00f3 que <strong>ocurri\u00f3 entre las 21hs y las 21:30hs de este martes<\/strong>.<\/span><\/p>\n<p><span style=\"color: #000000;\">Las autoridades del establecimiento de educaci\u00f3n privada concurrieron al mismo esta ma\u00f1ana y <strong>se encontraron con que desconocidos hab\u00edan arrojado pintura contra las paredes del frente del edificio<\/strong>. El hecho est\u00e1 siendo investigado para determinar qui\u00e9nes fueron los autores.<\/span><\/p>\n<h5><span style=\"color: #000000;\">\u2022F.B.<\/span><\/h5>\n","protected":false},"excerpt":{"rendered":"<p>Desde Comisar\u00eda 14\u00b0 informaron sobre un procedimiento de rutina en el que detuvieron a un joven por circular sobre una motocicleta &#8230;<\/p>\n","protected":false},"author":8,"featured_media":97390,"comment_status":"open","ping_status":"open","sticky":false,"template":"","format":"standard","meta":{"footnotes":""},"categories":[5,4],"tags":[],"class_list":["post-97386","post","type-post","status-publish","format-standard","has-post-thumbnail","hentry","category-actualidad","category-policiales"],"_links":{"self":[{"href":"https:\/\/vinasfm.com\/noticias\/wp-json\/wp\/v2\/posts\/97386","targetHints":{"allow":["GET"]}}],"collection":[{"href":"https:\/\/vinasfm.com\/noticias\/wp-json\/wp\/v2\/posts"}],"about":[{"href":"https:\/\/vinasfm.com\/noticias\/wp-json\/wp\/v2\/types\/post"}],"author":[{"embeddable":true,"href":"https:\/\/vinasfm.com\/noticias\/wp-json\/wp\/v2\/users\/8"}],"replies":[{"embeddable":true,"href":"https:\/\/vinasfm.com\/noticias\/wp-json\/wp\/v2\/comments?post=97386"}],"version-history":[{"count":6,"href":"https:\/\/vinasfm.com\/noticias\/wp-json\/wp\/v2\/posts\/97386\/revisions"}],"predecessor-version":[{"id":97438,"href":"https:\/\/vinasfm.com\/noticias\/wp-json\/wp\/v2\/posts\/97386\/revisions\/97438"}],"wp:featuredmedia":[{"embeddable":true,"href":"https:\/\/vinasfm.com\/noticias\/wp-json\/wp\/v2\/media\/97390"}],"wp:attachment":[{"href":"https:\/\/vinasfm.com\/noticias\/wp-json\/wp\/v2\/media?parent=97386"}],"wp:term":[{"taxonomy":"category","embeddable":true,"href":"https:\/\/vinasfm.com\/noticias\/wp-json\/wp\/v2\/categories?post=97386"},{"taxonomy":"post_tag","embeddable":true,"href":"https:\/\/vinasfm.com\/noticias\/wp-json\/wp\/v2\/tags?post=97386"}],"curies":[{"name":"wp","href":"https:\/\/api.w.org\/{rel}","templated":true}]}}